{"id":190427,"date":"2021-10-31T06:00:46","date_gmt":"2021-10-31T09:00:46","guid":{"rendered":"https:\/\/diarioregionaldigital.com.br\/?p=190427"},"modified":"2021-10-29T21:52:31","modified_gmt":"2021-10-30T00:52:31","slug":"os-100-anos-de-paulo-freire","status":"publish","type":"post","link":"https:\/\/diarioregionaldigital.com.br\/?p=190427","title":{"rendered":"Os 100 anos de Paulo Freire"},"content":{"rendered":"<p>A persegui\u00e7\u00e3o ideol\u00f3gica \u00e9 capaz de verdadeiros abusos, como aqueles que atingem o educador Paulo Freire. Autor de algumas das obras mais importantes de alfabetiza\u00e7\u00e3o, no pa\u00eds, reconhecido internacionalmente, o Brasil tem negado os seus m\u00e9ritos, sob a alega\u00e7\u00e3o de que a sua obra \u00e9 eminentemente comunista. Falar em p\u00e3o e trabalho, no seu afamado m\u00e9todo, n\u00e3o pode ser pretexto para conden\u00e1-lo. Ao contr\u00e1rio, devemos mais homenagens ao educador, agora que se comemoram os seus 100 anos de exist\u00eancia.<\/p>\n<p>No dia em que faria 100 anos (19 de setembro), Paulo Freire ganhou uma bonita exposi\u00e7\u00e3o do Ita\u00fa Cultural, em S\u00e3o Paulo, com o expressivo t\u00edtulo\u00a0 de \u201cOcupa\u00e7\u00e3o Paulo Freire\u201d. Re\u00fane obras, manuscritos, pe\u00e7as originais, documentos, fotos e v\u00eddeos, organizados em quatro eixos. \u201cForma\u00e7\u00e3o\u201d, \u201cAngicos\u201d, \u201cEx\u00edlio\u201d e \u201cRetorno\u201d. Come\u00e7ou a trabalhar em educa\u00e7\u00e3o popular no ano de 1947, quando criou \u00a0a criar o m\u00e9todo pelo qual se notabilizou.<\/p>\n<p>Freire alfabetizou mais de 300 alunos com as palavras que eles usavam no seu cotidiano de Angicos, no Rio Grande do Norte. Um dos seus livros\u00a0 mais conhecidos \u00e9 a \u201cPedagogia do Oprimido\u201d. Nele \u00a0prop\u00f5e reflex\u00f5es sobre a rela\u00e7\u00e3o aluno-professor. Tamb\u00e9m s\u00e3o exibidos documentos da vida do escritor, como a carta que lhe foi enviada por Indira Gandhi. Pode-se ver que Freire gostava de fazer anota\u00e7\u00f5es nas margens das p\u00e1ginas. Chamava a isso de \u201cmarginalia\u201d. Contemplou um livro como \u201cAdmir\u00e1vel Mundo Novo\u201d, de Aldous Huxley. Fez tamb\u00e9m \u201cA pedagogia da esperan\u00e7a\u201d.<\/p>\n<p>Apesar de ter sido seguidamente atacado por Jair Bolsonaro, que o chamou v\u00e1rias vezes de \u201cmarxista\u201d, foi homenageado com o t\u00edtulo de \u201cPatrono da Educa\u00e7\u00e3o Brasileira\u201d. E seus livros vendem mais do que nunca, especialmente os mais conhecidos, como \u201cPedagogia da Autonomia\u201d e o citado \u201cPedagogia do Oprimido\u201d, com textos de figuras como o \u00a0linguista americano Noam Chomsky, o fil\u00f3sofo Mario Cortella e o ex-presidente Lula.<\/p>\n<p>Est\u00e1 ainda para sair o in\u00e9dito \u201cMeus registros de educador\u201d, em que ele faz coment\u00e1rios sobre autores como Karl Marx. Ant\u00f4nio Gramsci e Aldous Huxley. Foi Secret\u00e1rio Municipal de Educa\u00e7\u00e3o de S\u00e3o Paulo e recebeu na vida mais de 40 t\u00edtulos\u00a0 de Doutor Honoris Causa\u201d.<\/p>\n","protected":false},"excerpt":{"rendered":"<p>A persegui\u00e7\u00e3o ideol\u00f3gica \u00e9 capaz de verdadeiros abusos, como aqueles que atingem o educador Paulo Freire. Autor de algumas das obras mais importantes de alfabetiza\u00e7\u00e3o, no pa\u00eds, reconhecido internacionalmente, o Brasil tem negado os seus m\u00e9ritos, sob a alega\u00e7\u00e3o de que a sua obra \u00e9 eminentemente comunista. Falar em p\u00e3o e trabalho, no seu afamado [&hellip;]<\/p>\n","protected":false},"author":96,"featured_media":0,"comment_status":"closed","ping_status":"closed","sticky":false,"template":"","format":"standard","meta":{"footnotes":""},"categories":[275],"tags":[],"class_list":["post-190427","post","type-post","status-publish","format-standard","hentry","category-arnaldo-niskier"],"_links":{"self":[{"href":"https:\/\/diarioregionaldigital.com.br\/index.php?rest_route=\/wp\/v2\/posts\/190427","targetHints":{"allow":["GET"]}}],"collection":[{"href":"https:\/\/diarioregionaldigital.com.br\/index.php?rest_route=\/wp\/v2\/posts"}],"about":[{"href":"https:\/\/diarioregionaldigital.com.br\/index.php?rest_route=\/wp\/v2\/types\/post"}],"author":[{"embeddable":true,"href":"https:\/\/diarioregionaldigital.com.br\/index.php?rest_route=\/wp\/v2\/users\/96"}],"replies":[{"embeddable":true,"href":"https:\/\/diarioregionaldigital.com.br\/index.php?rest_route=%2Fwp%2Fv2%2Fcomments&post=190427"}],"version-history":[{"count":1,"href":"https:\/\/diarioregionaldigital.com.br\/index.php?rest_route=\/wp\/v2\/posts\/190427\/revisions"}],"predecessor-version":[{"id":190428,"href":"https:\/\/diarioregionaldigital.com.br\/index.php?rest_route=\/wp\/v2\/posts\/190427\/revisions\/190428"}],"wp:attachment":[{"href":"https:\/\/diarioregionaldigital.com.br\/index.php?rest_route=%2Fwp%2Fv2%2Fmedia&parent=190427"}],"wp:term":[{"taxonomy":"category","embeddable":true,"href":"https:\/\/diarioregionaldigital.com.br\/index.php?rest_route=%2Fwp%2Fv2%2Fcategories&post=190427"},{"taxonomy":"post_tag","embeddable":true,"href":"https:\/\/diarioregionaldigital.com.br\/index.php?rest_route=%2Fwp%2Fv2%2Ftags&post=190427"}],"curies":[{"name":"wp","href":"https:\/\/api.w.org\/{rel}","templated":true}]}}