{"id":190420,"date":"2021-10-29T16:25:51","date_gmt":"2021-10-29T19:25:51","guid":{"rendered":"https:\/\/diarioregionaldigital.com.br\/?p=190420"},"modified":"2021-10-29T16:25:51","modified_gmt":"2021-10-29T19:25:51","slug":"prefeitura-retoma-circulacao-de-mais-tres-linhas-de-onibus","status":"publish","type":"post","link":"https:\/\/diarioregionaldigital.com.br\/?p=190420","title":{"rendered":"Prefeitura retoma circula\u00e7\u00e3o de mais tr\u00eas linhas de \u00f4nibus"},"content":{"rendered":"<p>Segundo informa\u00e7\u00f5es do site da Prefeitura de Juiz de Fora, para otimizar o sistema de transporte p\u00fablico da cidade e melhor atender aos usu\u00e1rios, a Secretaria de Mobilidade Urbana (SMU) da Prefeitura de Juiz de Fora (PJF) informa que as linhas 112 (Mundo Novo\/ Santa Terezinha), 113 (Vila Montanhesa\/ Jardim Ga\u00facho) e 444 (Nossa Senhora de Lourdes) voltam a operar a partir da pr\u00f3xima quarta-feira, 3. Al\u00e9m disso, esta \u00faltima linha, que atende ao bairro Nossa Senhora de Lourdes, vai ter o itiner\u00e1rio expandido para vias que nunca haviam recebido o servi\u00e7o de transporte p\u00fablico.<\/p>\n<p>O \u00f4nibus urbano passa a circular no sentido Centro para o bairro nas vias Rua Lemos Monteiro, Rua Francisca Bechilufit dos Santos, Rua Maria Gon\u00e7alves Torres de Melo Brand\u00e3o, Rua Antenor Celso Rizatto, Rua Energina Ernesto Guilherme, Rua Maria Gon\u00e7alves Torres, Rua Hor\u00e1cio de Melo Brand\u00e3o, Rua Prof. Luiz Viana, retorna na Rua Hor\u00e1cio de Melo Brand\u00e3o, Prof. Luiz Viana, Rua Maria Gon\u00e7alves Melo Torres de Melo Brand\u00e3o e Rua Florentina Garcia, Avenida Brasil, Rua Costa Carvalho, Avenida Sete de Setembro, Rua Carlos Otto, Ponte Ant\u00f4nio Carlos, Viaduto Augusto Franco, Al\u00e7a Radialista Jos\u00e9 Maria de Barros, Rua ngelo Falci, Rua Jo\u00e3o Pessoa de Rezende, Avenida Francisco Bernardino, Rua S\u00e3o Sebasti\u00e3o, Avenida Presidente Get\u00falio Vargas.<\/p>\n<p>J\u00e1 o novo itiner\u00e1rio bairro para o Centro fica o seguinte: Avenida Brasil, Rua Costa Carvalho, Avenida Sete de Setembro, Rua Carlos Otto, Ponte Ant\u00f4nio Carlos, Viaduto Augusto Franco, Al\u00e7a Radialista Jos\u00e9 Maria de Barros, Rua ngelo Falci, Rua Jo\u00e3o Pessoa de Rezende, Avenida Francisco Bernardino, Rua S\u00e3o Sebasti\u00e3o, Avenida Presidente Get\u00falio Vargas, Rua Florentina Garcia, Ponto Final N\u00b0405, Rua Jos\u00e9 Francisco Garcia, Rua N. S. de Lourdes, Rua Jos\u00e9 Mazocoli, Rua Jos\u00e9 Rafael de S. Antunes, Rua Padre Guilherme.<\/p>\n<p><b>Confira abaixo os hor\u00e1rios e dias de circula\u00e7\u00e3o:<\/b><\/p>\n<p>Linha 112 (Mundo Novo \/ Santa Terezinha)<\/p>\n<p>Dias \u00dateis:<\/p>\n<p>Sa\u00eddas do Mundo Novo: 6h55, 8h25, 17h25, 18h55 e 20h25.<\/p>\n<p>Sa\u00eddas de Santa Terezinha: 6h15, 7h45, 16h45, 18h15 e 19h45.<\/p>\n<p>Linha 113 (Vila Montanhesa \/ Jardim Ga\u00facho)<\/p>\n<p>Dias \u00fateis:<\/p>\n<p>Sa\u00eddas do Vila Montanhesa: 5h30, 6h35, 8h, 10h30, 13h05, 15h40, 18h20 e 21h10.<\/p>\n<p>Sa\u00eddas do Jardim Ga\u00facho: 6h45, 7h50, 9h15, 11h50, 14h25, 17h, 19h50 e 22h30.<\/p>\n<p>Linha 444 (Nossa Senhora de Lourdes)<\/p>\n<p>Dias \u00fateis:<\/p>\n<p>Sa\u00eddas de Nossa Senhora de Lourdes: 5h45, 6h35, 7h35, 8h35, 9h35, 10h35, 11h35, 12h35, 13h35, 14h35, 15h35, 15h35, 16h35, 17h35, 18h35, 19h35, 20h35, 21h35 e 22h30.<\/p>\n<p>Sa\u00eddas do Centro: 6h05, 7h, 8h, 9h, 110h, 11h, 12h, 13h, 14h, 15h, 16h, 17h, 18h, 19h, 20h, 21h, 22h e 22h50.<\/p>\n<p>S\u00e1bados:<\/p>\n<p>Sa\u00eddas de Nossa Senhora de Lourdes: 5h45, 6h35, 7h35, 8h35, 9h35, 10h35, 11h35, 12h35, 13h35, 14h35, 15h35, 15h35, 16h35, 17h35, 18h35, 19h35, 20h35, 21h35 e 22h30.<\/p>\n<p>Sa\u00eddas do Centro: 6h05, 7h, 8h, 9h, 110h, 11h, 12h, 13h, 14h, 15h, 16h, 17h, 18h, 19h, 20h, 21h, 22h e 22h50.<\/p>\n<p>Domingos e Feriados:<\/p>\n<p>Sa\u00eddas de Nossa Senhora de Lourdes: 5h45, 6h35, 7h35, 8h35, 9h35, 10h35, 11h35, 12h35, 13h35, 14h35, 15h35, 15h35, 16h35, 17h35, 18h35, 19h35, 20h35, 21h35 e 22h30.<\/p>\n<p>Sa\u00eddas do Centro: 6h05, 7h, 8h, 9h, 110h, 11h, 12h, 13h, 14h, 15h, 16h, 17h, 18h, 19h, 20h, 21h, 22h e 22h50.<\/p>\n","protected":false},"excerpt":{"rendered":"<p>Segundo informa\u00e7\u00f5es do site da Prefeitura de Juiz de Fora, para otimizar o sistema de transporte p\u00fablico da cidade e melhor atender aos usu\u00e1rios, a Secretaria de Mobilidade Urbana (SMU) da Prefeitura de Juiz de Fora (PJF) informa que as linhas 112 (Mundo Novo\/ Santa Terezinha), 113 (Vila Montanhesa\/ Jardim Ga\u00facho) e 444 (Nossa Senhora [&hellip;]<\/p>\n","protected":false},"author":246,"featured_media":190421,"comment_status":"closed","ping_status":"closed","sticky":false,"template":"","format":"standard","meta":{"footnotes":""},"categories":[253,436],"tags":[],"class_list":["post-190420","post","type-post","status-publish","format-standard","has-post-thumbnail","hentry","category-cidade","category-destaque-da-semana"],"_links":{"self":[{"href":"https:\/\/diarioregionaldigital.com.br\/index.php?rest_route=\/wp\/v2\/posts\/190420","targetHints":{"allow":["GET"]}}],"collection":[{"href":"https:\/\/diarioregionaldigital.com.br\/index.php?rest_route=\/wp\/v2\/posts"}],"about":[{"href":"https:\/\/diarioregionaldigital.com.br\/index.php?rest_route=\/wp\/v2\/types\/post"}],"author":[{"embeddable":true,"href":"https:\/\/diarioregionaldigital.com.br\/index.php?rest_route=\/wp\/v2\/users\/246"}],"replies":[{"embeddable":true,"href":"https:\/\/diarioregionaldigital.com.br\/index.php?rest_route=%2Fwp%2Fv2%2Fcomments&post=190420"}],"version-history":[{"count":1,"href":"https:\/\/diarioregionaldigital.com.br\/index.php?rest_route=\/wp\/v2\/posts\/190420\/revisions"}],"predecessor-version":[{"id":190422,"href":"https:\/\/diarioregionaldigital.com.br\/index.php?rest_route=\/wp\/v2\/posts\/190420\/revisions\/190422"}],"wp:featuredmedia":[{"embeddable":true,"href":"https:\/\/diarioregionaldigital.com.br\/index.php?rest_route=\/wp\/v2\/media\/190421"}],"wp:attachment":[{"href":"https:\/\/diarioregionaldigital.com.br\/index.php?rest_route=%2Fwp%2Fv2%2Fmedia&parent=190420"}],"wp:term":[{"taxonomy":"category","embeddable":true,"href":"https:\/\/diarioregionaldigital.com.br\/index.php?rest_route=%2Fwp%2Fv2%2Fcategories&post=190420"},{"taxonomy":"post_tag","embeddable":true,"href":"https:\/\/diarioregionaldigital.com.br\/index.php?rest_route=%2Fwp%2Fv2%2Ftags&post=190420"}],"curies":[{"name":"wp","href":"https:\/\/api.w.org\/{rel}","templated":true}]}}