{"id":190417,"date":"2021-10-29T16:22:57","date_gmt":"2021-10-29T19:22:57","guid":{"rendered":"https:\/\/diarioregionaldigital.com.br\/?p=190417"},"modified":"2021-10-29T16:22:57","modified_gmt":"2021-10-29T19:22:57","slug":"operacao-boniteza-atua-no-bairro-bandeirantes","status":"publish","type":"post","link":"https:\/\/diarioregionaldigital.com.br\/?p=190417","title":{"rendered":"Opera\u00e7\u00e3o Boniteza atua no bairro Bandeirantes"},"content":{"rendered":"<p>Segundo informa\u00e7\u00f5es do site da Prefeitura de Juiz de Fora, dando prosseguimento \u00e0s a\u00e7\u00f5es de zeladoria, equipes do Departamento de Parques e Jardins da Empresa Municipal de Pavimenta\u00e7\u00e3o e Urbaniza\u00e7\u00e3o (Empav), realizaram nesta quinta-feira, 28, servi\u00e7os de poda de grama, limpeza geral e recolhimento de res\u00edduos em alguns bairros da cidade. Foram atendidas demandas no Morro da Gl\u00f3ria, nos canteiros pr\u00f3ximos \u00e0 Igreja da Gl\u00f3ria, e nos canteiros centrais da Rua Paracatu, no bairro Bandeirantes. A previs\u00e3o de servi\u00e7os desta quinta-feira, dia 28, at\u00e9 o dia 4 de novembro, \u00e9 que sejam atendidas cerca de 11 pra\u00e7as da cidade e tamb\u00e9m a\u00e7\u00f5es no distrito de Humait\u00e1.<\/p>\n<p>Al\u00e9m disso, servi\u00e7os de poda e levantamento de copa de \u00e1rvores foram realizados no campo do bairro Cer\u00e2mica, localizado na Rua Coronel Vidal; no bairro Nova Calif\u00f3rnia, na Rua Nestor Vasconcellos Neto; e no bairro Santa Helena, na Pra\u00e7a da Igreja Melquita.<\/p>\n<p>Para solicitar estes e outros servi\u00e7os, entre em contato com o Gabinete de A\u00e7\u00e3o e Di\u00e1logo Comunit\u00e1rio, que recebe e organiza pedidos relativos a interven\u00e7\u00f5es e melhorias urbanas. O contato pode ser feito atrav\u00e9s de liga\u00e7\u00e3o telef\u00f4nica pelo n\u00famero (32) 3690-7241 ou via WhatsApp, utilizando o mesmo n\u00famero.<\/p>\n","protected":false},"excerpt":{"rendered":"<p>Segundo informa\u00e7\u00f5es do site da Prefeitura de Juiz de Fora, dando prosseguimento \u00e0s a\u00e7\u00f5es de zeladoria, equipes do Departamento de Parques e Jardins da Empresa Municipal de Pavimenta\u00e7\u00e3o e Urbaniza\u00e7\u00e3o (Empav), realizaram nesta quinta-feira, 28, servi\u00e7os de poda de grama, limpeza geral e recolhimento de res\u00edduos em alguns bairros da cidade. Foram atendidas demandas no [&hellip;]<\/p>\n","protected":false},"author":246,"featured_media":190418,"comment_status":"closed","ping_status":"closed","sticky":false,"template":"","format":"standard","meta":{"footnotes":""},"categories":[253,436],"tags":[],"class_list":["post-190417","post","type-post","status-publish","format-standard","has-post-thumbnail","hentry","category-cidade","category-destaque-da-semana"],"_links":{"self":[{"href":"https:\/\/diarioregionaldigital.com.br\/index.php?rest_route=\/wp\/v2\/posts\/190417","targetHints":{"allow":["GET"]}}],"collection":[{"href":"https:\/\/diarioregionaldigital.com.br\/index.php?rest_route=\/wp\/v2\/posts"}],"about":[{"href":"https:\/\/diarioregionaldigital.com.br\/index.php?rest_route=\/wp\/v2\/types\/post"}],"author":[{"embeddable":true,"href":"https:\/\/diarioregionaldigital.com.br\/index.php?rest_route=\/wp\/v2\/users\/246"}],"replies":[{"embeddable":true,"href":"https:\/\/diarioregionaldigital.com.br\/index.php?rest_route=%2Fwp%2Fv2%2Fcomments&post=190417"}],"version-history":[{"count":1,"href":"https:\/\/diarioregionaldigital.com.br\/index.php?rest_route=\/wp\/v2\/posts\/190417\/revisions"}],"predecessor-version":[{"id":190419,"href":"https:\/\/diarioregionaldigital.com.br\/index.php?rest_route=\/wp\/v2\/posts\/190417\/revisions\/190419"}],"wp:featuredmedia":[{"embeddable":true,"href":"https:\/\/diarioregionaldigital.com.br\/index.php?rest_route=\/wp\/v2\/media\/190418"}],"wp:attachment":[{"href":"https:\/\/diarioregionaldigital.com.br\/index.php?rest_route=%2Fwp%2Fv2%2Fmedia&parent=190417"}],"wp:term":[{"taxonomy":"category","embeddable":true,"href":"https:\/\/diarioregionaldigital.com.br\/index.php?rest_route=%2Fwp%2Fv2%2Fcategories&post=190417"},{"taxonomy":"post_tag","embeddable":true,"href":"https:\/\/diarioregionaldigital.com.br\/index.php?rest_route=%2Fwp%2Fv2%2Ftags&post=190417"}],"curies":[{"name":"wp","href":"https:\/\/api.w.org\/{rel}","templated":true}]}}