{"id":190414,"date":"2021-10-29T16:21:20","date_gmt":"2021-10-29T19:21:20","guid":{"rendered":"https:\/\/diarioregionaldigital.com.br\/?p=190414"},"modified":"2021-10-29T16:21:20","modified_gmt":"2021-10-29T19:21:20","slug":"linhas-106-110-117-443-516-602-716-718-e-721-terao-reajuste-de-horario","status":"publish","type":"post","link":"https:\/\/diarioregionaldigital.com.br\/?p=190414","title":{"rendered":"Linhas 106, 110, 117, 443, 516, 602, 716, 718 e 721 ter\u00e3o reajuste de hor\u00e1rio"},"content":{"rendered":"<p>Segundo informa\u00e7\u00f5es do site da Prefeitura de Juiz de Fora, a Secretaria de Mobilidade Urbana (SMU) da Prefeitura de Juiz de Fora (PJF) informa que est\u00e1 realizando ajustes no quadro de hor\u00e1rio de nove linhas a partir da pr\u00f3xima quarta-feira, 4. As altera\u00e7\u00f5es t\u00eam como objetivo minimizar os gargalos durante o hor\u00e1rio de pico.<\/p>\n<p>As linhas 106 (Parque Independ\u00eancia \/ Jardim Ga\u00facho), 110 (Recanto dos Lagos), 117 (Vivendas da Serra \/ Bom Pastor), 443 (Nossa Senhora de Lourdes), 516 (S\u00e3o Pedro), 602 (Monte Castelo), 716 (Distrito Industrial), 718 (Ponte Preta) e 721 (Nova Era). Os novos hor\u00e1rios estar\u00e3o dispon\u00edveis no site da Prefeitura de Juiz de Fora a partir da ter\u00e7a-feira, 3.<\/p>\n","protected":false},"excerpt":{"rendered":"<p>Segundo informa\u00e7\u00f5es do site da Prefeitura de Juiz de Fora, a Secretaria de Mobilidade Urbana (SMU) da Prefeitura de Juiz de Fora (PJF) informa que est\u00e1 realizando ajustes no quadro de hor\u00e1rio de nove linhas a partir da pr\u00f3xima quarta-feira, 4. As altera\u00e7\u00f5es t\u00eam como objetivo minimizar os gargalos durante o hor\u00e1rio de pico. As [&hellip;]<\/p>\n","protected":false},"author":246,"featured_media":190415,"comment_status":"closed","ping_status":"closed","sticky":false,"template":"","format":"standard","meta":{"footnotes":""},"categories":[253,436],"tags":[],"class_list":["post-190414","post","type-post","status-publish","format-standard","has-post-thumbnail","hentry","category-cidade","category-destaque-da-semana"],"_links":{"self":[{"href":"https:\/\/diarioregionaldigital.com.br\/index.php?rest_route=\/wp\/v2\/posts\/190414","targetHints":{"allow":["GET"]}}],"collection":[{"href":"https:\/\/diarioregionaldigital.com.br\/index.php?rest_route=\/wp\/v2\/posts"}],"about":[{"href":"https:\/\/diarioregionaldigital.com.br\/index.php?rest_route=\/wp\/v2\/types\/post"}],"author":[{"embeddable":true,"href":"https:\/\/diarioregionaldigital.com.br\/index.php?rest_route=\/wp\/v2\/users\/246"}],"replies":[{"embeddable":true,"href":"https:\/\/diarioregionaldigital.com.br\/index.php?rest_route=%2Fwp%2Fv2%2Fcomments&post=190414"}],"version-history":[{"count":1,"href":"https:\/\/diarioregionaldigital.com.br\/index.php?rest_route=\/wp\/v2\/posts\/190414\/revisions"}],"predecessor-version":[{"id":190416,"href":"https:\/\/diarioregionaldigital.com.br\/index.php?rest_route=\/wp\/v2\/posts\/190414\/revisions\/190416"}],"wp:featuredmedia":[{"embeddable":true,"href":"https:\/\/diarioregionaldigital.com.br\/index.php?rest_route=\/wp\/v2\/media\/190415"}],"wp:attachment":[{"href":"https:\/\/diarioregionaldigital.com.br\/index.php?rest_route=%2Fwp%2Fv2%2Fmedia&parent=190414"}],"wp:term":[{"taxonomy":"category","embeddable":true,"href":"https:\/\/diarioregionaldigital.com.br\/index.php?rest_route=%2Fwp%2Fv2%2Fcategories&post=190414"},{"taxonomy":"post_tag","embeddable":true,"href":"https:\/\/diarioregionaldigital.com.br\/index.php?rest_route=%2Fwp%2Fv2%2Ftags&post=190414"}],"curies":[{"name":"wp","href":"https:\/\/api.w.org\/{rel}","templated":true}]}}