{"id":190411,"date":"2021-10-29T16:15:50","date_gmt":"2021-10-29T19:15:50","guid":{"rendered":"https:\/\/diarioregionaldigital.com.br\/?p=190411"},"modified":"2021-10-29T16:15:50","modified_gmt":"2021-10-29T19:15:50","slug":"vacinacao-contra-covid-19-retorna-as-ubss-na-quarta-feira-3","status":"publish","type":"post","link":"https:\/\/diarioregionaldigital.com.br\/?p=190411","title":{"rendered":"Vacina\u00e7\u00e3o contra Covid-19 retorna \u00e0s UBSs na quarta-feira, 3"},"content":{"rendered":"<div id=\"box_texto_noticia\">A Campanha de Imuniza\u00e7\u00e3o Contra a Covid-19, realizada pela Secretaria de Sa\u00fade (SS) da Prefeitura de Juiz de Fora (PJF), volta a utilizar 48 equipamentos de sa\u00fade espalhados por todas as regi\u00f5es da cidade a partir de quarta-feira, 3.\u00a0<a href=\"https:\/\/www.pjf.mg.gov.br\/noticias\/view.php?modo=link2&amp;idnoticia2=72966\"><b>Nesta sexta e segunda-feira, dias 29 e 1\u00ba, a vacina\u00e7\u00e3o acontece exclusivamente no Pam Marechal.<\/b><\/a>Passado o feriado, 46 Unidades B\u00e1sicas de Sa\u00fade (UBSs) e o Pam Marechal disponibilizam primeiras doses para todas as pessoas de 12 anos ou mais que n\u00e3o tenham recebido a dose inicial, segundas doses e tamb\u00e9m a vacina\u00e7\u00e3o de refor\u00e7o destinada aos p\u00fablicos eleg\u00edveis no momento.<\/p>\n<p>Segundo informa\u00e7\u00f5es do site da Prefeitura de Juiz de Fora, as dez Unidades B\u00e1sicas de Sa\u00fade (UBSs) refer\u00eancia realizam a vacina\u00e7\u00e3o das 8h \u00e0s 11h e das 13h \u00e0s 16h; outras 36 UBSs, das 8h \u00e0s 11h; e o Pam Marechal, das 12h30 \u00e0s 18h. No <b>Departamento de Sa\u00fade do Idosos (DSI)\u00a0<\/b>a imuniza\u00e7\u00e3o contra Covid-19 \u00e9 destinada exclusivamente aos idosos de 60 anos ou mais, visando a proporcionar maior conforto a este p\u00fablico priorit\u00e1rio.\u00a0<b>A lista com todos os endere\u00e7os e hor\u00e1rios de funcionamento dos locais de vacina\u00e7\u00e3o destinados a cada um dos p\u00fablicos pode ser vista no fim do texto.<\/b><\/p>\n<p><b>Segundas doses<\/b><\/p>\n<p><b>AstraZeneca\u00a0<\/b>&#8211; As pessoas que inicialmente receberiam a segunda dose de AstraZeneca no dia 16 de de outubro ou data anterior podem receber a segunda dose nesta quarta-feira. Com a chegada prevista de nova remessa de AstraZeneca, se dar\u00e1 prefer\u00eancia \u00e0 aplica\u00e7\u00e3o deste imunizante, contudo, em unidades onde n\u00e3o houver AstraZeneca, poder\u00e1 ser administrada a vacina da Pfizer em seu lugar. O Pam Marechal, das 12h30 \u00e0s 18h; as dez UBSs refer\u00eancia, das 8h \u00e0s 11h e das 13h \u00e0s 16h; e 36 outras UBSs, das 8h \u00e0s 11h, disponibilizam o imunizante para este p\u00fablico.<\/p>\n<p><b>Coronavac\u00a0<\/b>&#8211; A aplica\u00e7\u00e3o da segunda dose do imunizante Coronavac segue a data descrita no cart\u00e3o de vacina. Recebem a D2 todos aqueles com retorno agendado para o dia 3 de novembro ou data anterior, no Pam Marechal, das 12h30 \u00e0s 18h, e nas dez UBSs refer\u00eancia, das 8h \u00e0s 11h e das 13h \u00e0s 16h.<\/p>\n<p><b>Pfizer\u00a0<\/b>&#8211; Quem recebeu a primeira dose da Pfizer at\u00e9 o dia 8 de setembro, pode procurar um dos postos de imuniza\u00e7\u00e3o para receber a segunda. Isso ocorre devido \u00e0 mudan\u00e7a no aprazamento (o intervalo entre uma dose e outra), definido pelo Minist\u00e9rio da Sa\u00fade (MS), de 12 para oito semanas. O Pam Marechal, das 12h30 \u00e0s 18h; as dez UBSs refer\u00eancia, das 8h \u00e0s 11h e das 13h \u00e0s 16h; e outras 36 UBSs, das 8h \u00e0s 11h, disponibilizam a D2 desse imunizante nesta quarta.<\/p>\n<p><b>Doses de refor\u00e7o<\/b><\/p>\n<p>As doses de refor\u00e7o destinadas aos\u00a0<b>trabalhadores da Sa\u00fade de 29 anos ou mais\u00a0<\/b>que receberam a segunda dose contra a Covid-19 h\u00e1 pelo menos seis meses e aos\u00a0<b>idosos de 60 anos ou mais que receberam a 2\u00aa dose no dia 15 de maio ou antes\u00a0<\/b>s\u00e3o aplicadas nas 10 UBSs refer\u00eancia, das 8h \u00e0s 11h e das 13h \u00e0s 16h; em outras 36 UBSs de 8h \u00e0s 11h; e no Pam Marechal, das 12h30 \u00e0s 18h. Os idosos a partir de 60 anos, que v\u00e3o receber primeira, segunda dose ou vacina de refor\u00e7o, al\u00e9m destes locais, podem ser vacinados no DSI. Os imunossuprimidos, que receberam a D2 h\u00e1 pelo menos 28 dias, tamb\u00e9m devem receber a dose de refor\u00e7o. Este p\u00fablico pode ser vacinado no Pam Marechal, das 12h30 \u00e0s 18h; e nas 10 UBSs refer\u00eancia, das 8h \u00e0s 11h e das 13h \u00e0s 16h.<\/p>\n<p><b>Documenta\u00e7\u00e3o necess\u00e1ria<\/b><\/p>\n<p>A Secretaria de Sa\u00fade pede para as pessoas que v\u00e3o receber a dose de refor\u00e7o levarem os documentos, que s\u00e3o obrigat\u00f3rios, para receberem a vacina. Seguindo normas t\u00e9cnicas do Estado e do Minist\u00e9rio da Sa\u00fade, a SS est\u00e1 vacinando com a terceira dose todos os trabalhadores e trabalhadoras da sa\u00fade de Juiz de Fora com o imunizante Pfizer. Os exigidos documentos est\u00e3o no\u00a0<a href=\"https:\/\/covid19.pjf.mg.gov.br\/documentos-dose-de-reforco.php\"><b>site da PJF<\/b><\/a>\u00a0e devem ser entregues no ato da vacina\u00e7\u00e3o. O trabalhador de sa\u00fade com v\u00ednculo ativo nos servi\u00e7os de sa\u00fade deve entregar o Termo de Responsabilidade da Institui\u00e7\u00e3o e do Profissional, al\u00e9m da c\u00f3pia dos documentos pessoais. J\u00e1 o trabalhador aut\u00f4nomo, dever\u00e1 apresentar o Termo de Responsabilidade Aut\u00f4nomo e Profissional, al\u00e9m dos documentos pessoais; e o cuidador de idoso, deve levar no ato da vacina\u00e7\u00e3o o Termo de Responsabilidade Familiar e Profissional, juntamente com a c\u00f3pia dos documentos\u00a0<a href=\"https:\/\/covid19.pjf.mg.gov.br\/documentos-dose-de-reforco.php\"><b>no site da PJF<\/b><\/a><\/p>\n<p>Ressaltamos que o profissional dever\u00e1 imprimir o termo, preencher, solicitar assinatura e carimbo da institui\u00e7\u00e3o a qual est\u00e1 vinculado e\/ou fam\u00edlia contratante, no caso dos cuidadores de idosos. E apresentar a documenta\u00e7\u00e3o j\u00e1 preenchida junto com a c\u00f3pia dos documentos pessoais como identidade e comprovante de resid\u00eancia nos pontos de vacina\u00e7\u00e3o.<\/p>\n<p>As pessoas que v\u00e3o receber a primeira dose apresentarem originais e c\u00f3pias de documento de identifica\u00e7\u00e3o com foto &#8211; como documento de identidade (RG) ou carteira de motorista, e o CPF, caso o n\u00famero do mesmo n\u00e3o conste na identidade, al\u00e9m do comprovante de resid\u00eancia, que ficar\u00e1 retido no local de vacina\u00e7\u00e3o. Os adolescentes que n\u00e3o tiverem estes documentos podem apresentar a certid\u00e3o de nascimento, al\u00e9m do comprovante de resid\u00eancia. Caso o comprovante de resid\u00eancia n\u00e3o esteja no nome de quem vai ser vacinado, \u00e9 necess\u00e1rio apresentar c\u00f3pia do comprovante, do documento de identidade da pessoa que tem o nome no comprovante de resid\u00eancia e, ainda, a\u00a0<a href=\"https:\/\/covid19.pjf.mg.gov.br\/arquivos\/modelo_declaracao_de_residencia.pdf\"><b>declara\u00e7\u00e3o de resid\u00eancia<\/b><\/a>. Tamb\u00e9m refor\u00e7amos a necessidade de levar o formul\u00e1rio impresso, cujo modelo est\u00e1 dispon\u00edvel no\u00a0<a href=\"https:\/\/covid19.pjf.mg.gov.br\/arquivos\/formulario_para_vacinacao.pdf\"><b>site da PJF<\/b><\/a><\/p>\n<p>As demais pessoas que v\u00e3o receber a D2 ou os idosos que v\u00e3o receber a dose de refor\u00e7o precisam apresentar apenas o cart\u00e3o de vacina e um documento de identifica\u00e7\u00e3o com foto, enquanto os imunossuprimidos, al\u00e9m destes documentos, para poder receber a dose de refor\u00e7o devem apresentar um laudo ou atestado m\u00e9dico datado de, no m\u00e1ximo, 12 meses, comprovando a condi\u00e7\u00e3o. Este p\u00fablico pode buscar pela dose de refor\u00e7o a partir de 28 dias do recebimento da 2\u00aa dose.<\/p>\n<p><b>Confira o calend\u00e1rio desta quarta-feira, dia 3 de novembro<\/b><\/p>\n<p><b>Primeiras doses de todas as pessoas com 12 anos ou mais<\/b><br \/>\nPam Marechal, das 12h30 \u00e0s 18h; nas 10 UBSs refer\u00eancia, das 8h \u00e0s 11h e das 13h \u00e0s 16h; e em outras 36 UBSs, das 8h \u00e0s 11h.<\/p>\n<p><b>Vacina\u00e7\u00e3o de refor\u00e7o para idosos com 60 anos ou mais que receberam a segunda dose em 15 de maio ou antes<\/b><br \/>\nPam Marechal, das 12h30 \u00e0s 18h; nas 10 UBSs refer\u00eancia, das 8h \u00e0s 11h e das 13h \u00e0s 16h; em outras 36 UBSs, das 8h \u00e0s 11h; e no DSI, das 8h \u00e0s 11h e das 13h \u00e0s 16h.<\/p>\n<p><b>Vacina\u00e7\u00e3o de refor\u00e7o para trabalhadores da sa\u00fade de 29 anos ou mais que receberam a segunda dose h\u00e1 pelo menos seis meses<\/b><br \/>\nPam Marechal, das 12h30 \u00e0s 18h; nas 10 UBSs refer\u00eancia, das 8h \u00e0s 11h e das 13h \u00e0s 16h;e em outras 36 UBSs, das 8h \u00e0s 11h.<\/p>\n<p><b>Vacina\u00e7\u00e3o de refor\u00e7o para imunossuprimidos que receberam a segunda dose h\u00e1 pelo menos 28 dias<\/b><br \/>\nPam Marechal, das 12h30 \u00e0s 18h; e nas 10 UBSs refer\u00eancia, das 8h \u00e0s 11h e das 13h \u00e0s 16h, e em outras 36 UBSs, das 8h \u00e0s 11h.<\/p>\n<p><b>Segundas doses de AstraZeneca para pessoas que originalmente receberiam a vacina no dia 16 de outubro ou antes<\/b><br \/>\nPam Marechal, das 12h30 \u00e0s 18h, nas 10 UBSs refer\u00eancia, das 8h \u00e0s 11h e das 13h \u00e0s 16h, e em outras 36 UBSs, das 8h \u00e0s 11 h.<\/p>\n<p><b>Segundas doses de Coronavac para pessoas com retorno no cart\u00e3o no dia 3 de novembro ou data anterior<\/b><br \/>\nPam Marechal, das 12h30 \u00e0s 18h, e nas 10 UBSs refer\u00eancia, das 8h \u00e0s 11h e das 13h \u00e0s 16h.<\/p>\n<p><b>Segundas doses de Pfizer para todos que receberam a primeira dose at\u00e9 o dia 8 de setembro<\/b><br \/>\nPam Marechal, das 12h30 \u00e0s 18h; 36 UBSs de 8h \u00e0s 11h; e nas 10 UBSs refer\u00eancia, das 8h \u00e0s 11h e das 13h \u00e0s 16h.<\/p>\n<p><b>Endere\u00e7os dos locais de vacina\u00e7\u00e3o<\/b><\/p>\n<p><b>Departamento de Sa\u00fade do Idoso (DSI)*\u00a0<\/b>&#8211; das 8h \u00e0s 11h e das 13h \u00e0s 16h<br \/>\nRua Batista de Oliveira, 943, Granbery.<\/p>\n<p>*O\u00a0<b>Departamento de Sa\u00fade do Idoso\u00a0<\/b>faz a aplica\u00e7\u00e3o de vacinas dos idosos a partir de 60 anos que tenham que receber primeira, segunda dose ou a vacina de refor\u00e7o.<\/p>\n<p><b>Pam Marechal\u00a0<\/b>&#8211; 12h30 \u00e0s 18h<br \/>\nR. Mal. Deodoro, 496, Centro<\/p>\n<p><b>10 UBSs refer\u00eancia que vacinam de 8h \u00e0s 11h e 13h \u00e0s 16h<\/b><br \/>\nUBS Bairro Nossa Senhora de Lourdes, Rua In\u00e1cio Gama, 813;<br \/>\nUBS Bandeirantes, Rua Laurindo Nocelli, n\u00ba 100<br \/>\nUBS Benfica, Rua Guararapes, 106;<br \/>\nUBS Milho Branco, Rua Nicolau Schuery, s\/n\u00ba<br \/>\nUBS Nossa Senhora Aparecida, Rua Nossa Senhora Aparecida, 775;<br \/>\nUBS Santa Cec\u00edlia, Rua Gabriel Rodrigues, n\u00ba 900<br \/>\nUBS Santa Luzia, Rua Torre\u00f5es, s\/n\u00ba<br \/>\nUBS S\u00e3o Pedro, Rua Jo\u00e3o Louren\u00e7o Kelmer, 1.433;<br \/>\nUBS Progresso, Rua Jorge Knopp, n\u00ba 119<br \/>\nUBS Vila Ideal, Avenida Francisco Valadares, 1.910<\/p>\n<p><b>36 UBSs que vacinam de 8h \u00e0s 11h:<\/b><br \/>\n&#8211; UBS Alto Graja\u00fa, Rua Doutor Leonel Jaguaribe, 178;<br \/>\n&#8211; UBS Bairro Industrial, Rua Jo\u00e3o Gualberto,110;<br \/>\n&#8211; UBS Barreira do Triunfo, Avenida Juscelino Kubitscheck, s\/n\u00ba;<br \/>\n&#8211; UBS Borboleta, Rua Tenente Paulo Maria Delage, 229;<br \/>\n&#8211; UBS Centro Sul, Av. Bar\u00e3o do Rio Branco, 3132, Centro;<br \/>\n&#8211; UBS Cidade do Sol, Rua Gustavo Capanema, 70;<br \/>\n&#8211; UBS Dom Bosco, Rua Jo\u00e3o Manata, 93;<br \/>\n&#8211; UBS Esplanada, Rua Bias Fortes, 74;<br \/>\n&#8211; UBS Filgueiras, Rua Orlando Riani, 2.200;<br \/>\n&#8211; UBS Furtado de Menezes, Rua Furtado de Menezes, 19 \u00c0;<br \/>\n&#8211; UBS Grama, Pra\u00e7a \u00c1ureo Carneiro s\/n;<br \/>\n&#8211; UBS Granjas Beth\u00e2nia, Rua Nove de Julho, 294;<br \/>\n&#8211; UBS Ipiranga, Rua Etiene Loures, 85;<br \/>\n&#8211; UBS Jardim da Lua, Rua Natalino Jos\u00e9 de Paula, 314;<br \/>\n&#8211; UBS Jardim Esperan\u00e7a, Rua Padre Jo\u00e3o Micheleto, 35;<br \/>\n&#8211; UBS Jardim Natal, Rua Tenente Lucas Drumond, 370;<br \/>\n&#8211; UBS Joquei Clube I, Rua Antonio Armando Pereira, 140;<br \/>\n&#8211; UBS Joquei Clube II, Rua Ant\u00f4nio Guimar\u00e3es Peralva, 130;<br \/>\n&#8211; UBS Linhares, Rua Ministro Odilon Braga, s\/n\u00ba;<br \/>\n&#8211; UBS Marumbi, Rua Bar\u00e3o do Retiro, 1.462;<br \/>\n&#8211; UBS Monte Castelo, Rua Doutor Oswaldo Mascarenhas, s\/n\u00ba;<br \/>\n&#8211; UBS Nossa Senhora das Gra\u00e7as, Rua Queluz 72;<br \/>\n&#8211; UBS Nova Era, Rua Guimar\u00e3es J\u00fanior, 850;<br \/>\n&#8211; UBS Parque Guarani, Rua Sofia Rafael Zacarias, 685;<br \/>\n&#8211; UBS Retiro, Rua Sebasti\u00e3o Cardoso, 41;<br \/>\n&#8211; UBS Santa Cruz, Rua Doutor Ant\u00f4nio Mour\u00e3o Guimar\u00e3es, 245;<br \/>\n&#8211; UBS Santa Efig\u00eania, Rua Jos\u00e9 Ferreira, 13;<br \/>\n&#8211; UBS Santa Rita, Rua Jos\u00e9 Vicente, 390;<br \/>\n&#8211; UBS Santo Ant\u00f4nio, Rua Pedro Trogo, 285;<br \/>\n&#8211; UBS Santos Dumont; Rua \u00c1lvaro Jos\u00e9 Rodrigues, 25;<br \/>\n&#8211; UBS S\u00e3o Judas Tadeu; Rua Ernesto Pancini, 446;<br \/>\n&#8211; UBS S\u00e3o Sebasti\u00e3o; Rua Jorge Raimundo, 209;<br \/>\n&#8211; UBS Teixeiras; Rua Cust\u00f3dio Furtado de Souza, 131;<br \/>\n&#8211; UBS Vale Verde; Rua Marciano Pinto, 685;<br \/>\n&#8211; UBS Vila Esperan\u00e7a; Rua Nova, 30;<br \/>\n&#8211; UBS Vila Ideal; Avenida Francisco Valadares, 1910;<br \/>\n&#8211; UBS Vila Olavo Costa; Rua Jacinto Marcelino, 16.<\/div>\n<p>&nbsp;<\/p>\n<div id=\"box_compartilhar\" align=\"right\"><\/div>\n","protected":false},"excerpt":{"rendered":"<p>A Campanha de Imuniza\u00e7\u00e3o Contra a Covid-19, realizada pela Secretaria de Sa\u00fade (SS) da Prefeitura de Juiz de Fora (PJF), volta a utilizar 48 equipamentos de sa\u00fade espalhados por todas as regi\u00f5es da cidade a partir de quarta-feira, 3.\u00a0Nesta sexta e segunda-feira, dias 29 e 1\u00ba, a vacina\u00e7\u00e3o acontece exclusivamente no Pam Marechal.Passado o feriado, [&hellip;]<\/p>\n","protected":false},"author":246,"featured_media":190412,"comment_status":"closed","ping_status":"closed","sticky":false,"template":"","format":"standard","meta":{"footnotes":""},"categories":[253,436,440],"tags":[],"class_list":["post-190411","post","type-post","status-publish","format-standard","has-post-thumbnail","hentry","category-cidade","category-destaque-da-semana","category-destaques-do-dia"],"_links":{"self":[{"href":"https:\/\/diarioregionaldigital.com.br\/index.php?rest_route=\/wp\/v2\/posts\/190411","targetHints":{"allow":["GET"]}}],"collection":[{"href":"https:\/\/diarioregionaldigital.com.br\/index.php?rest_route=\/wp\/v2\/posts"}],"about":[{"href":"https:\/\/diarioregionaldigital.com.br\/index.php?rest_route=\/wp\/v2\/types\/post"}],"author":[{"embeddable":true,"href":"https:\/\/diarioregionaldigital.com.br\/index.php?rest_route=\/wp\/v2\/users\/246"}],"replies":[{"embeddable":true,"href":"https:\/\/diarioregionaldigital.com.br\/index.php?rest_route=%2Fwp%2Fv2%2Fcomments&post=190411"}],"version-history":[{"count":1,"href":"https:\/\/diarioregionaldigital.com.br\/index.php?rest_route=\/wp\/v2\/posts\/190411\/revisions"}],"predecessor-version":[{"id":190413,"href":"https:\/\/diarioregionaldigital.com.br\/index.php?rest_route=\/wp\/v2\/posts\/190411\/revisions\/190413"}],"wp:featuredmedia":[{"embeddable":true,"href":"https:\/\/diarioregionaldigital.com.br\/index.php?rest_route=\/wp\/v2\/media\/190412"}],"wp:attachment":[{"href":"https:\/\/diarioregionaldigital.com.br\/index.php?rest_route=%2Fwp%2Fv2%2Fmedia&parent=190411"}],"wp:term":[{"taxonomy":"category","embeddable":true,"href":"https:\/\/diarioregionaldigital.com.br\/index.php?rest_route=%2Fwp%2Fv2%2Fcategories&post=190411"},{"taxonomy":"post_tag","embeddable":true,"href":"https:\/\/diarioregionaldigital.com.br\/index.php?rest_route=%2Fwp%2Fv2%2Ftags&post=190411"}],"curies":[{"name":"wp","href":"https:\/\/api.w.org\/{rel}","templated":true}]}}