{"id":190408,"date":"2021-10-29T16:08:07","date_gmt":"2021-10-29T19:08:07","guid":{"rendered":"https:\/\/diarioregionaldigital.com.br\/?p=190408"},"modified":"2021-10-29T16:08:07","modified_gmt":"2021-10-29T19:08:07","slug":"quarto-colocado-na-serie-b-goias-anuncia-saida-de-marcelo-cabo","status":"publish","type":"post","link":"https:\/\/diarioregionaldigital.com.br\/?p=190408","title":{"rendered":"Quarto colocado na S\u00e9rie B, Goi\u00e1s anuncia sa\u00edda de Marcelo Cabo"},"content":{"rendered":"<p>O Goi\u00e1s anunciou nesta quinta-feira (28) a sa\u00edda do treinador Marcelo Cabo, contratado h\u00e1 pouco mais de tr\u00eas meses. De acordo com o clube, atualmente quarto colocado na S\u00e9rie B &#8211; a decis\u00e3o pelo desligamento foi tomada em comum acordo. Nas\u00a0\u00faltimas oito\u00a0rodadas o Esmeraldino empatou duas vezes, a \u00faltima delas em casa contra o Botafogo, na ter\u00e7a(26), em duelo pela 32\u00aa rodada.<img decoding=\"async\" src=\"https:\/\/agenciabrasil.ebc.com.br\/ebc.png?id=1425977&amp;o=node\" \/><img decoding=\"async\" src=\"https:\/\/agenciabrasil.ebc.com.br\/ebc.gif?id=1425977&amp;o=node\" \/><\/p>\n<p>Junto com o treinador carioca,\u00a0de 54 anos, deixam o clube o auxiliar, Gabriel Cabo e o preparador f\u00edsico, Tiago Melsert. O Esmeraldino soma 53 pontoso: \u00e9 \u00faltimo colocado do G4, que assegura o\u00a0acesso \u00e0 S\u00e9rie A do Brasileiro\u00a0 em 2022. Como ainda n\u00e3o jogaram na\u00a032\u00aa rodada, o sexto colocado Vasco (47 pontos) e o Guarani (46) ter\u00e3o chance de se aproximar da zona de classifica\u00e7\u00e3o.<\/p>\n<p>Na pr\u00f3xima rodada,\u00a0na ter\u00e7a-feira (2 de novembro) o \u00a0Esmeraldino recebe a Ponte Preta no est\u00e1dio da Serrinha, Goi\u00e2nia, e deve ser comandado pelo auxiliar Glauber Ramos.<\/p>\n<p><span style=\"font-weight: 400;\">Fonte: Ag\u00eancia Brasil <\/span><\/p>\n","protected":false},"excerpt":{"rendered":"<p>O Goi\u00e1s anunciou nesta quinta-feira (28) a sa\u00edda do treinador Marcelo Cabo, contratado h\u00e1 pouco mais de tr\u00eas meses. De acordo com o clube, atualmente quarto colocado na S\u00e9rie B &#8211; a decis\u00e3o pelo desligamento foi tomada em comum acordo. Nas\u00a0\u00faltimas oito\u00a0rodadas o Esmeraldino empatou duas vezes, a \u00faltima delas em casa contra o Botafogo, [&hellip;]<\/p>\n","protected":false},"author":246,"featured_media":190409,"comment_status":"closed","ping_status":"closed","sticky":false,"template":"","format":"standard","meta":{"footnotes":""},"categories":[436,257],"tags":[],"class_list":["post-190408","post","type-post","status-publish","format-standard","has-post-thumbnail","hentry","category-destaque-da-semana","category-esporte"],"_links":{"self":[{"href":"https:\/\/diarioregionaldigital.com.br\/index.php?rest_route=\/wp\/v2\/posts\/190408","targetHints":{"allow":["GET"]}}],"collection":[{"href":"https:\/\/diarioregionaldigital.com.br\/index.php?rest_route=\/wp\/v2\/posts"}],"about":[{"href":"https:\/\/diarioregionaldigital.com.br\/index.php?rest_route=\/wp\/v2\/types\/post"}],"author":[{"embeddable":true,"href":"https:\/\/diarioregionaldigital.com.br\/index.php?rest_route=\/wp\/v2\/users\/246"}],"replies":[{"embeddable":true,"href":"https:\/\/diarioregionaldigital.com.br\/index.php?rest_route=%2Fwp%2Fv2%2Fcomments&post=190408"}],"version-history":[{"count":1,"href":"https:\/\/diarioregionaldigital.com.br\/index.php?rest_route=\/wp\/v2\/posts\/190408\/revisions"}],"predecessor-version":[{"id":190410,"href":"https:\/\/diarioregionaldigital.com.br\/index.php?rest_route=\/wp\/v2\/posts\/190408\/revisions\/190410"}],"wp:featuredmedia":[{"embeddable":true,"href":"https:\/\/diarioregionaldigital.com.br\/index.php?rest_route=\/wp\/v2\/media\/190409"}],"wp:attachment":[{"href":"https:\/\/diarioregionaldigital.com.br\/index.php?rest_route=%2Fwp%2Fv2%2Fmedia&parent=190408"}],"wp:term":[{"taxonomy":"category","embeddable":true,"href":"https:\/\/diarioregionaldigital.com.br\/index.php?rest_route=%2Fwp%2Fv2%2Fcategories&post=190408"},{"taxonomy":"post_tag","embeddable":true,"href":"https:\/\/diarioregionaldigital.com.br\/index.php?rest_route=%2Fwp%2Fv2%2Ftags&post=190408"}],"curies":[{"name":"wp","href":"https:\/\/api.w.org\/{rel}","templated":true}]}}