{"id":190404,"date":"2021-10-29T16:06:13","date_gmt":"2021-10-29T19:06:13","guid":{"rendered":"https:\/\/diarioregionaldigital.com.br\/?p=190404"},"modified":"2021-10-29T16:06:13","modified_gmt":"2021-10-29T19:06:13","slug":"somos-humanos-e-nao-maquinas-diz-tecnico-do-bayern-apos-goleada","status":"publish","type":"post","link":"https:\/\/diarioregionaldigital.com.br\/?p=190404","title":{"rendered":"Somos humanos e n\u00e3o m\u00e1quinas, diz t\u00e9cnico do Bayern ap\u00f3s goleada"},"content":{"rendered":"<p>Os jogadores do Bayern de Munique n\u00e3o s\u00e3o m\u00e1quinas e tamb\u00e9m podem ter um dia ruim, disse o t\u00e9cnico Julian Nagelsmann, nesta sexta-feira, em uma tentativa de explicar a chocante goleada de 5 a 0 sofrida para o Borussia Moenchengladbach na Copa da Alemanha nesta semana.<\/p>\n<p>Nagelsmann, que perdeu o jogo da segunda rodada e ainda estar\u00e1 em quarentena no s\u00e1bado, quando o Bayern visitar\u00e1 o Union Berlin pela liga alem\u00e3, ap\u00f3s ter contra\u00eddo a covid-19, disse que a goleada mostrou que muitas coisas deram errado ao mesmo tempo.<\/p>\n<p>Ele prometeu, no entanto, que seu time ser\u00e1 completamente diferente contra o Union.<\/p>\n<p>&#8220;Somos humanos e n\u00e3o m\u00e1quinas&#8221;, disse Nagelsmann em entrevista coletiva virtual nesta sexta-feira (29). &#8220;Podemos cometer erros, e combinado com um bom advers\u00e1rio e um dia ruim para n\u00f3s, resultou em tr\u00eas gols em 21 minutos&#8221;, afirmou. \u201cMostramos que somos vulner\u00e1veis, mas \u00e9 importante aprender as li\u00e7\u00f5es desse jogo. Foi hist\u00f3rico e temos que aceitar as cr\u00edticas. N\u00e3o h\u00e1 d\u00favidas quanto a isso&#8221;, disse.<\/p>\n<p>Os b\u00e1varos sofreram a derrota mais pesada de todos os tempos na Copa da Alemanha, ap\u00f3s um in\u00edcio dominante na Bundesliga e na Liga dos Campe\u00f5es, onde lideram o grupo, com 12 gols marcados e nenhum sofrido.<\/p>\n<p>Na Bundesliga, o time j\u00e1 marcou 33 gols nos primeiros nove jogos para liderar a disputa pelo t\u00edtulo.<\/p>\n<p>&#8220;N\u00e3o devemos nos distrair com tantos elogios, que somos o melhor time do mundo e tudo isso&#8221;, disse Nagelsman. &#8220;Temos que nos concentrar em provar o tempo todo que somos o Bayern e que realmente estamos entre as melhores equipes da Europa. Precisamos, como campe\u00f5es, nos levantar novamente e vamos tentar no s\u00e1bado mostrar uma rea\u00e7\u00e3o. Ficamos todos um pouco surpresos com o que aconteceu na quarta-feira. Concordamos que isso n\u00e3o deve acontecer novamente, porque \u00e9 muito doloroso&#8221;, disse.<\/p>\n<p>Os tr\u00eas gols de Gladbach em 21 minutos foram a primeira vez que o Bayern sofreu tantos gols neste per\u00edodo de tempo na Copa da Alemanha.<\/p>\n<p>Mas Nagelsmann, de 34 anos, que est\u00e1 em sua primeira temporada no clube ap\u00f3s passagens pelo Hoffenheim e pelo RB Leipzig, disse que n\u00e3o sentiu press\u00e3o adicional ap\u00f3s a pesada derrota na Copa.<\/p>\n<p>&#8220;Sempre sinto press\u00e3o e sinto-a aqui desde o primeiro dia. No Bayern temos de perseguir t\u00edtulos e ganhar jogos. Sei como funciona esta profiss\u00e3o. Senti press\u00e3o tamb\u00e9m em todos os outros clubes&#8221;, afirmou.<\/p>\n<p><span style=\"font-weight: 400;\">Fonte: Ag\u00eancia Brasil <\/span><\/p>\n","protected":false},"excerpt":{"rendered":"<p>Os jogadores do Bayern de Munique n\u00e3o s\u00e3o m\u00e1quinas e tamb\u00e9m podem ter um dia ruim, disse o t\u00e9cnico Julian Nagelsmann, nesta sexta-feira, em uma tentativa de explicar a chocante goleada de 5 a 0 sofrida para o Borussia Moenchengladbach na Copa da Alemanha nesta semana. Nagelsmann, que perdeu o jogo da segunda rodada e [&hellip;]<\/p>\n","protected":false},"author":246,"featured_media":190405,"comment_status":"closed","ping_status":"closed","sticky":false,"template":"","format":"standard","meta":{"footnotes":""},"categories":[436,257],"tags":[],"class_list":["post-190404","post","type-post","status-publish","format-standard","has-post-thumbnail","hentry","category-destaque-da-semana","category-esporte"],"_links":{"self":[{"href":"https:\/\/diarioregionaldigital.com.br\/index.php?rest_route=\/wp\/v2\/posts\/190404","targetHints":{"allow":["GET"]}}],"collection":[{"href":"https:\/\/diarioregionaldigital.com.br\/index.php?rest_route=\/wp\/v2\/posts"}],"about":[{"href":"https:\/\/diarioregionaldigital.com.br\/index.php?rest_route=\/wp\/v2\/types\/post"}],"author":[{"embeddable":true,"href":"https:\/\/diarioregionaldigital.com.br\/index.php?rest_route=\/wp\/v2\/users\/246"}],"replies":[{"embeddable":true,"href":"https:\/\/diarioregionaldigital.com.br\/index.php?rest_route=%2Fwp%2Fv2%2Fcomments&post=190404"}],"version-history":[{"count":2,"href":"https:\/\/diarioregionaldigital.com.br\/index.php?rest_route=\/wp\/v2\/posts\/190404\/revisions"}],"predecessor-version":[{"id":190407,"href":"https:\/\/diarioregionaldigital.com.br\/index.php?rest_route=\/wp\/v2\/posts\/190404\/revisions\/190407"}],"wp:featuredmedia":[{"embeddable":true,"href":"https:\/\/diarioregionaldigital.com.br\/index.php?rest_route=\/wp\/v2\/media\/190405"}],"wp:attachment":[{"href":"https:\/\/diarioregionaldigital.com.br\/index.php?rest_route=%2Fwp%2Fv2%2Fmedia&parent=190404"}],"wp:term":[{"taxonomy":"category","embeddable":true,"href":"https:\/\/diarioregionaldigital.com.br\/index.php?rest_route=%2Fwp%2Fv2%2Fcategories&post=190404"},{"taxonomy":"post_tag","embeddable":true,"href":"https:\/\/diarioregionaldigital.com.br\/index.php?rest_route=%2Fwp%2Fv2%2Ftags&post=190404"}],"curies":[{"name":"wp","href":"https:\/\/api.w.org\/{rel}","templated":true}]}}