{"id":190401,"date":"2021-10-29T16:03:56","date_gmt":"2021-10-29T19:03:56","guid":{"rendered":"https:\/\/diarioregionaldigital.com.br\/?p=190401"},"modified":"2021-10-29T16:03:56","modified_gmt":"2021-10-29T19:03:56","slug":"apos-17-anos-jogos-escolares-brasileiros-voltam-a-ocorrer-no-rj","status":"publish","type":"post","link":"https:\/\/diarioregionaldigital.com.br\/?p=190401","title":{"rendered":"Ap\u00f3s 17 anos, Jogos Escolares Brasileiros voltam a ocorrer no RJ"},"content":{"rendered":"<p>Nenhum dos mais de seis mil adolescentes &#8211;\u00a0idades entre 12 e 14 anos &#8211;\u00a0que participam da edi\u00e7\u00e3o 2021 dos Jogos Escolares Brasileiros (JEBs) era nascido na \u00faltima vez que o evento foi realizado. A\u00a0competi\u00e7\u00e3o, voltada \u00e0queles que ainda engatinham como atletas, ficou sem ocorrer por 17 anos. Nesta quinta-feira (28), os JEBs foram retomados e as primeiras disputas\u00a0foram da gin\u00e1stica. O evento\u00a0buscam\u00a0recuperar\u00a0o status de principal celeiro de talentos do esporte brasileiro. O palco \u00e9 sugestivo: a cidade do\u00a0Rio\u00a0de Janeiro\u00a0e suas instala\u00e7\u00f5es ol\u00edmpicas.<img decoding=\"async\" src=\"https:\/\/agenciabrasil.ebc.com.br\/ebc.png?id=1425989&amp;o=node\" \/><img decoding=\"async\" src=\"https:\/\/agenciabrasil.ebc.com.br\/ebc.gif?id=1425989&amp;o=node\" \/><\/p>\n<p>&#8220;O esporte de alto rendimento de fato \u00e9 a grande vitrine. Mas para que o topo da pir\u00e2mide seja forte \u00e9 preciso fazer como as dez principais pot\u00eancias ol\u00edmpicas do mundo: investir na base escolar e universit\u00e1ria&#8221;, defende\u00a0o ex-\u00e1rbitro de futebol Ant\u00f4nio Hora Filho, presidente da Confedera\u00e7\u00e3o Brasileira do Desporto Escolar (CBDE).<\/p>\n<p>Ant\u00f4nio Hora Filho enxerga a edi\u00e7\u00e3o de 2021 como um recome\u00e7o duplo, tanto para os atletas que ficaram mais de um ano sem poder participar de competi\u00e7\u00f5es por conta da pandemia, quanto para o pr\u00f3prio evento em si, que passou por um grande hiato desde 2004.<\/p>\n<p>&#8220;Todo fato hist\u00f3rico possui v\u00e1rias interpreta\u00e7\u00f5es. A interpreta\u00e7\u00e3o da CBDE \u00e9 de que durante esse per\u00edodo o esporte escolar brasileiro n\u00e3o foi priorizado&#8221;, analisou.<\/p>\n<p>At\u00e9 o dia\u00a05 de novembro, o JEBs\u00a0reunir\u00e1 atletas de 17 modalidades, sendo 15 que estiveram no programa dos Jogos Ol\u00edmpicos de T\u00f3quio (as exce\u00e7\u00f5es s\u00e3o o futsal e o xadrez). Pela primeira vez na hist\u00f3ria, haver\u00e1 disputa de provas paral\u00edmpicas, no caso, no atletismo. Os 26 estados, al\u00e9m do Distrito Federal, estar\u00e3o representados com delega\u00e7\u00f5es do mesmo tamanho.<\/p>\n<p>O espelho das Olimp\u00edadas se faz presente de mais formas. As Arenas Cariocas 1, 2 e 3, o Vel\u00f3dromo, o Complexo Aqu\u00e1tico Maria Lenk, o Centro Ol\u00edmpico de T\u00eanis, a Arena da Juventude e a Arena Ol\u00edmpica do Rio (conhecida atualmente como Jeunesse Arena) foram usadas na Olimp\u00edada Rio 2016\u00a0e servir\u00e3o de palco para diversas modalidades no JEBs.<\/p>\n<p>Toda esta estrutura ser\u00e1 avaliada de perto pelo presidente da Federa\u00e7\u00e3o Internacional do Desporto Escolar (ISF), o franc\u00eas Laurent Petrynka, que veio at\u00e9 o Rio para acompanhar a competi\u00e7\u00e3o. O interesse por tudo o que acontecer nas arenas \u00e9 maior devido ao fato de a cidade ser sede dos Jogos Mundiais Escolares sub-15 em 2023.<\/p>\n<p>&#8220;Estamos aqui para dar o primeiro passo nesta parceria com a CBDE. Minha sensa\u00e7\u00e3o imediata \u00e9 de satisfa\u00e7\u00e3o por perceber que aqui temos as melhores condi\u00e7\u00f5es para sediar um evento esportivo. S\u00e3o instala\u00e7\u00f5es ol\u00edmpicas e este \u00e9 um s\u00edmbolo muito forte. O que sentimos aqui \u00e9 que o Brasil \u00e9 um pa\u00eds de esporte, de muita hospitalidade, mas que tamb\u00e9m passa a mensagem da educa\u00e7\u00e3o pelo esporte&#8221;, disse Petrynka.<\/p>\n<p>O fato de o evento ter ficado tanto tempo sem ser realizado traz um frescor tanto para os jovens quanto para seus t\u00e9cnicos. A sensa\u00e7\u00e3o \u00e9 de fazer parte da hist\u00f3ria. Muitos deles miram nos \u00eddolos que\u00a0hoje\u00a0s\u00e3o adultos, como as rec\u00e9m-campe\u00e3s ol\u00edmpicas Ana Marcela Cunha (maratona aqu\u00e1tica) e Rebeca Andrade (gin\u00e1stica art\u00edstica), que inclusive s\u00e3o embaixadoras da competi\u00e7\u00e3o. Estar no JEBS pode ser um pequeno primeiro passo at\u00e9 l\u00e1.<\/p>\n<p>Andressa Bacargi, t\u00e9cnica de atletas de gin\u00e1stica que est\u00e3o representando o Mato Grosso do Sul no JEBs, destaca a import\u00e2ncia de que desde cedo as jovens se acostumem com esse ambiente.<\/p>\n<p>&#8220;As meninas come\u00e7am a treinar com 5 anos e j\u00e1 t\u00eam competi\u00e7\u00e3o com 9 anos. Participando dessas competi\u00e7\u00f5es maiores elas v\u00e3o ganhando mais experi\u00eancia, trabalhando com a ansiedade e o nervosismo. Porque a gin\u00e1stica \u00e9 muito precoce. Aos 16, elas j\u00e1 est\u00e3o competindo na categoria adulta. Ent\u00e3o, quanto mais cedo a gente conseguir\u00a0ter\u00a0essas competi\u00e7\u00f5es com esse n\u00edvel t\u00e9cnico melhor para elas&#8221;, exp\u00f5e.<\/p>\n<p><span style=\"font-weight: 400;\">Fonte: Ag\u00eancia Brasil <\/span><\/p>\n","protected":false},"excerpt":{"rendered":"<p>Nenhum dos mais de seis mil adolescentes &#8211;\u00a0idades entre 12 e 14 anos &#8211;\u00a0que participam da edi\u00e7\u00e3o 2021 dos Jogos Escolares Brasileiros (JEBs) era nascido na \u00faltima vez que o evento foi realizado. A\u00a0competi\u00e7\u00e3o, voltada \u00e0queles que ainda engatinham como atletas, ficou sem ocorrer por 17 anos. Nesta quinta-feira (28), os JEBs foram retomados e [&hellip;]<\/p>\n","protected":false},"author":246,"featured_media":190402,"comment_status":"closed","ping_status":"closed","sticky":false,"template":"","format":"standard","meta":{"footnotes":""},"categories":[436,257],"tags":[],"class_list":["post-190401","post","type-post","status-publish","format-standard","has-post-thumbnail","hentry","category-destaque-da-semana","category-esporte"],"_links":{"self":[{"href":"https:\/\/diarioregionaldigital.com.br\/index.php?rest_route=\/wp\/v2\/posts\/190401","targetHints":{"allow":["GET"]}}],"collection":[{"href":"https:\/\/diarioregionaldigital.com.br\/index.php?rest_route=\/wp\/v2\/posts"}],"about":[{"href":"https:\/\/diarioregionaldigital.com.br\/index.php?rest_route=\/wp\/v2\/types\/post"}],"author":[{"embeddable":true,"href":"https:\/\/diarioregionaldigital.com.br\/index.php?rest_route=\/wp\/v2\/users\/246"}],"replies":[{"embeddable":true,"href":"https:\/\/diarioregionaldigital.com.br\/index.php?rest_route=%2Fwp%2Fv2%2Fcomments&post=190401"}],"version-history":[{"count":1,"href":"https:\/\/diarioregionaldigital.com.br\/index.php?rest_route=\/wp\/v2\/posts\/190401\/revisions"}],"predecessor-version":[{"id":190403,"href":"https:\/\/diarioregionaldigital.com.br\/index.php?rest_route=\/wp\/v2\/posts\/190401\/revisions\/190403"}],"wp:featuredmedia":[{"embeddable":true,"href":"https:\/\/diarioregionaldigital.com.br\/index.php?rest_route=\/wp\/v2\/media\/190402"}],"wp:attachment":[{"href":"https:\/\/diarioregionaldigital.com.br\/index.php?rest_route=%2Fwp%2Fv2%2Fmedia&parent=190401"}],"wp:term":[{"taxonomy":"category","embeddable":true,"href":"https:\/\/diarioregionaldigital.com.br\/index.php?rest_route=%2Fwp%2Fv2%2Fcategories&post=190401"},{"taxonomy":"post_tag","embeddable":true,"href":"https:\/\/diarioregionaldigital.com.br\/index.php?rest_route=%2Fwp%2Fv2%2Ftags&post=190401"}],"curies":[{"name":"wp","href":"https:\/\/api.w.org\/{rel}","templated":true}]}}