{"id":190398,"date":"2021-10-29T16:01:13","date_gmt":"2021-10-29T19:01:13","guid":{"rendered":"https:\/\/diarioregionaldigital.com.br\/?p=190398"},"modified":"2021-10-29T16:01:13","modified_gmt":"2021-10-29T19:01:13","slug":"selecao-tite-prioriza-atletas-que-atuam-no-exterior-em-convocacao","status":"publish","type":"post","link":"https:\/\/diarioregionaldigital.com.br\/?p=190398","title":{"rendered":"Sele\u00e7\u00e3o: Tite prioriza atletas que atuam no exterior em convoca\u00e7\u00e3o"},"content":{"rendered":"<p>O t\u00e9cnico Tite priorizou os jogadores que atuam no Brasil na convoca\u00e7\u00e3o da sele\u00e7\u00e3o masculina para os dois pr\u00f3ximos duelos das\u00a0<a href=\"https:\/\/agenciabrasil.ebc.com.br\/esportes\/tabelas\/eliminatorias-america-do-sul-2022.html\">Eliminat\u00f3rias Sul-Americanas<\/a>\u00a0da Copa do Mundo do Catar. A \u00fanica exce\u00e7\u00e3o na lista de Tite, anunciada nesta sexta-feira (29), \u00e9 a presen\u00e7a do goleiro Gabriel Chapec\u00f3, de 21 anos, que atua no Gr\u00eamio.\u00a0 Outra novidade, \u00e9 o retorno do retorno \u00e0 equipe do meia Philippe Coutinho, do Barcelona.<img decoding=\"async\" src=\"https:\/\/agenciabrasil.ebc.com.br\/ebc.png?id=1426053&amp;o=node\" \/><img decoding=\"async\" src=\"https:\/\/agenciabrasil.ebc.com.br\/ebc.gif?id=1426053&amp;o=node\" \/><\/p>\n<blockquote><p>\u201cN\u00f3s conversamos com o Gr\u00eamio. N\u00f3s n\u00e3o queremos prejudicar os atletas e trouxemos um jogador que n\u00e3o est\u00e1 titular agora, mas que tem 23 jogos como titular. Mas que tem, nas categorias de base e na sele\u00e7\u00e3o ol\u00edmpica, todo um hist\u00f3rico que o credencia a estar\u201d, \u00a0disse Tite sobre a convoca\u00e7\u00e3o do goleiro Chapec\u00f3.<\/p><\/blockquote>\n<p>L\u00edder na tabela de classifica\u00e7\u00e3o das Eliminat\u00f3ria, a sele\u00e7\u00e3o brasileira est\u00e1 bem perto de confirmar a vaga na Copa do Catar 2022. O escrete canarinho entra em campo no dia 11 de novembro (quinta-feira), \u00e0s 21h30 (hor\u00e1rio de Bras\u00edlia), contra a Col\u00f4mbia, atual quarta colocada, na NeoQu\u00edmica Arena, em S\u00e3o Paulo. \u00a0Cinco dias depois, Brasil mede for\u00e7as com a Argentina, vice-l\u00edder, \u00a0em San Juan, \u00a0\u00e0s 20h30.<\/p>\n<p>Tite tamb\u00e9m comentou o retorno de Coutinho \u00e0 sele\u00e7\u00e3o: o meia voltou a jogar nesta temporada no Barcelona, ap\u00f3s se recuperar de grave les\u00e3o no joelho esquerdo.<\/p>\n<blockquote><p>\u00a0\u201c N\u00f3s procuramos ter uma s\u00e9rie de atletas. Fica prejudicada a convoca\u00e7\u00e3o dos &#8220;atletas brasileiros&#8221;. Qual a posi\u00e7\u00e3o do Couto? Ele \u00e9 um meia articulador. Everton Ribeiro, infelizmente n\u00e3o foi poss\u00edvel. Seria o jogador? Seria o jogador do Flamengo convocado. E a\u00ed n\u00f3s temos outras op\u00e7\u00f5es. Um grande jogador retomando seu padr\u00e3o, e \u00e9 uma oportunidade de ele estar retomando naquela fun\u00e7\u00e3o\u201d, explicou o treinador.<\/p><\/blockquote>\n<p>Em 11 jogos disputados at\u00e9 o momento, o Brasil soma at\u00e9 o momento dez vit\u00f3rias e um empate. Tem 31 pontos, seis a mais que a Argentina, segunda colocada. Na terceira posi\u00e7\u00e3o est\u00e1 o Equador (17 pontos) e em quarto a Col\u00f4mbia (16).<\/p>\n<p><strong>Convocados<\/strong><\/p>\n<p><strong>GOLEIROS<\/strong><\/p>\n<p>Alisson &#8211; Liverpool (ING)<\/p>\n<p>Ederson &#8211; Manchester City (ING)<\/p>\n<p>Gabriel Chapec\u00f3 &#8211; Gr\u00eamio<\/p>\n<p><strong>LATERAIS<\/strong><\/p>\n<p>Danilo &#8211; Juventus (ITA)<\/p>\n<p>Emerson Royal &#8211; Tottenham (ING)<\/p>\n<p>Alex Sandro &#8211; Juventus (ITA)<\/p>\n<p>Renan Lodi &#8211; Atl\u00e9tico de Madrid (ESP)<\/p>\n<p><strong>ZAGUEIROS<\/strong><\/p>\n<p>\u00c9der Milit\u00e3o &#8211; Real Madrid (ESP)<\/p>\n<p>Lucas Ver\u00edssimo &#8211; Benfica (POR)<\/p>\n<p>Marquinhos &#8211; Paris Saint-Germain (FRA)<\/p>\n<p>Thiago Silva &#8211; Chelsea (ING)<\/p>\n<p><strong>MEIAS<\/strong><\/p>\n<p>Casemiro &#8211; Real Madrid (ESP)<\/p>\n<p>Fabinho &#8211; Liverpool (ING)<\/p>\n<p>Fred &#8211; Manchester United (ING)<\/p>\n<p>Gerson &#8211; Olympique de Marseille (FRA)<\/p>\n<p>Lucas Paquet\u00e1 &#8211; Lyon (FRA)<\/p>\n<p>Philippe Coutinho &#8211; Barcelona (ESP)<\/p>\n<p><strong>ATACANTES<\/strong><\/p>\n<p>Antony &#8211; Ajax (HOL)<\/p>\n<p>Firmino &#8211; Liverpool (ING)<\/p>\n<p>Gabriel Jesus &#8211; Manchester City (ING)<\/p>\n<p>Matheus Cunha &#8211; Atl\u00e9tico de Madrid (ESP)<\/p>\n<p>Neymar Jr. &#8211; Paris Saint-Germain (FRA)<\/p>\n<p>Raphinha &#8211; Leeds United (ING)<\/p>\n<p><span style=\"font-weight: 400;\">Fonte: Ag\u00eancia Brasil <\/span><\/p>\n","protected":false},"excerpt":{"rendered":"<p>O t\u00e9cnico Tite priorizou os jogadores que atuam no Brasil na convoca\u00e7\u00e3o da sele\u00e7\u00e3o masculina para os dois pr\u00f3ximos duelos das\u00a0Eliminat\u00f3rias Sul-Americanas\u00a0da Copa do Mundo do Catar. A \u00fanica exce\u00e7\u00e3o na lista de Tite, anunciada nesta sexta-feira (29), \u00e9 a presen\u00e7a do goleiro Gabriel Chapec\u00f3, de 21 anos, que atua no Gr\u00eamio.\u00a0 Outra novidade, \u00e9 [&hellip;]<\/p>\n","protected":false},"author":246,"featured_media":190399,"comment_status":"closed","ping_status":"closed","sticky":false,"template":"","format":"standard","meta":{"footnotes":""},"categories":[436,440,257],"tags":[],"class_list":["post-190398","post","type-post","status-publish","format-standard","has-post-thumbnail","hentry","category-destaque-da-semana","category-destaques-do-dia","category-esporte"],"_links":{"self":[{"href":"https:\/\/diarioregionaldigital.com.br\/index.php?rest_route=\/wp\/v2\/posts\/190398","targetHints":{"allow":["GET"]}}],"collection":[{"href":"https:\/\/diarioregionaldigital.com.br\/index.php?rest_route=\/wp\/v2\/posts"}],"about":[{"href":"https:\/\/diarioregionaldigital.com.br\/index.php?rest_route=\/wp\/v2\/types\/post"}],"author":[{"embeddable":true,"href":"https:\/\/diarioregionaldigital.com.br\/index.php?rest_route=\/wp\/v2\/users\/246"}],"replies":[{"embeddable":true,"href":"https:\/\/diarioregionaldigital.com.br\/index.php?rest_route=%2Fwp%2Fv2%2Fcomments&post=190398"}],"version-history":[{"count":1,"href":"https:\/\/diarioregionaldigital.com.br\/index.php?rest_route=\/wp\/v2\/posts\/190398\/revisions"}],"predecessor-version":[{"id":190400,"href":"https:\/\/diarioregionaldigital.com.br\/index.php?rest_route=\/wp\/v2\/posts\/190398\/revisions\/190400"}],"wp:featuredmedia":[{"embeddable":true,"href":"https:\/\/diarioregionaldigital.com.br\/index.php?rest_route=\/wp\/v2\/media\/190399"}],"wp:attachment":[{"href":"https:\/\/diarioregionaldigital.com.br\/index.php?rest_route=%2Fwp%2Fv2%2Fmedia&parent=190398"}],"wp:term":[{"taxonomy":"category","embeddable":true,"href":"https:\/\/diarioregionaldigital.com.br\/index.php?rest_route=%2Fwp%2Fv2%2Fcategories&post=190398"},{"taxonomy":"post_tag","embeddable":true,"href":"https:\/\/diarioregionaldigital.com.br\/index.php?rest_route=%2Fwp%2Fv2%2Ftags&post=190398"}],"curies":[{"name":"wp","href":"https:\/\/api.w.org\/{rel}","templated":true}]}}