{"id":190393,"date":"2021-10-29T15:33:46","date_gmt":"2021-10-29T18:33:46","guid":{"rendered":"https:\/\/diarioregionaldigital.com.br\/?p=190393"},"modified":"2021-10-29T15:33:46","modified_gmt":"2021-10-29T18:33:46","slug":"camara-aprova-criterios-para-certificacao-de-entidades-beneficentes","status":"publish","type":"post","link":"https:\/\/diarioregionaldigital.com.br\/?p=190393","title":{"rendered":"C\u00e2mara aprova crit\u00e9rios para certifica\u00e7\u00e3o de entidades beneficentes"},"content":{"rendered":"<p>A C\u00e2mara dos Deputados aprovou nesta quinta-feira (28) o projeto de lei complementar (PLP) que reformula algumas regras para a certifica\u00e7\u00e3o de entidades beneficentes, \u00e0s quais a Constitui\u00e7\u00e3o Federal assegura imunidade nas contribui\u00e7\u00f5es para a seguridade social. Agora a mat\u00e9ria ser\u00e1 enviada ao Senado.<\/p>\n<p>A proposta \u00e9 decorrente de decis\u00e3o do Supremo Tribunal Federal (STF), que considerou inconstitucionais v\u00e1rios artigos da lei que regulamenta a imunidade tribut\u00e1ria das institui\u00e7\u00f5es. Dessa forma, estabelece crit\u00e9rios para a certifica\u00e7\u00e3o sem modificar a forma como as entidades devem oferecer servi\u00e7os gratuitos para contaram com a isen\u00e7\u00e3o de contribui\u00e7\u00f5es tribut\u00e1rias.<\/p>\n<p>As entidades beneficentes podem receber a certifica\u00e7\u00e3o que garante a imunidade se prestarem servi\u00e7os gratuitos nas \u00e1reas de educa\u00e7\u00e3o, sa\u00fade ou assist\u00eancia social.<\/p>\n<p>\u201cUma condi\u00e7\u00e3o \u00e9 que o proponente demonstre que a ren\u00fancia foi considerada na estimativa de receita da lei or\u00e7ament\u00e1ria e que n\u00e3o afetar\u00e1 as metas de resultados fiscais previstas no anexo pr\u00f3prio da lei de diretrizes or\u00e7ament\u00e1rias. Outra condi\u00e7\u00e3o, alternativa, \u00e9 que a proposi\u00e7\u00e3o esteja acompanhada de medidas de compensa\u00e7\u00e3o, no per\u00edodo mencionado, por meio do aumento de receita, proveniente da eleva\u00e7\u00e3o de al\u00edquotas, da amplia\u00e7\u00e3o de base de c\u00e1lculo ou da majora\u00e7\u00e3o ou cria\u00e7\u00e3o de tributo ou contribui\u00e7\u00e3o, podendo o benef\u00edcio entrar em vigor apenas quando implantadas tais medidas\u201d, explicou o relator, deputado Antonio Brito (PSD-BA).<\/p>\n<p>De acordo com o texto, o prazo de validade da certifica\u00e7\u00e3o foi mantido em tr\u00eas anos, e os requerimentos de renova\u00e7\u00e3o feitos ap\u00f3s o prazo da data final de validade ser\u00e3o considerados como solicita\u00e7\u00f5es para concess\u00e3o de nova certifica\u00e7\u00e3o.<\/p>\n<p>Cada uma das \u00e1reas contar\u00e1 com regras espec\u00edficas a serem cumpridas. Caso a Receita Federal verifique descumprimento, ser\u00e1 emitido um auto de infra\u00e7\u00e3o \u00e0 autoridade executiva certificadora. A exig\u00eancia do cr\u00e9dito tribut\u00e1rio ficar\u00e1 suspensa at\u00e9 a decis\u00e3o definitiva no processo administrativo. A certifica\u00e7\u00e3o da entidade permanece v\u00e1lida at\u00e9 a data da decis\u00e3o administrativa definitiva sobre o cancelamento desse reconhecimento.<img decoding=\"async\" src=\"https:\/\/agenciabrasil.ebc.com.br\/ebc.png?id=1425998&amp;o=node\" \/><img decoding=\"async\" src=\"https:\/\/agenciabrasil.ebc.com.br\/ebc.gif?id=1425998&amp;o=node\" \/><\/p>\n<p><span style=\"font-weight: 400;\">Fonte: Ag\u00eancia Brasil <\/span><\/p>\n","protected":false},"excerpt":{"rendered":"<p>A C\u00e2mara dos Deputados aprovou nesta quinta-feira (28) o projeto de lei complementar (PLP) que reformula algumas regras para a certifica\u00e7\u00e3o de entidades beneficentes, \u00e0s quais a Constitui\u00e7\u00e3o Federal assegura imunidade nas contribui\u00e7\u00f5es para a seguridade social. Agora a mat\u00e9ria ser\u00e1 enviada ao Senado. A proposta \u00e9 decorrente de decis\u00e3o do Supremo Tribunal Federal (STF), [&hellip;]<\/p>\n","protected":false},"author":246,"featured_media":190394,"comment_status":"closed","ping_status":"closed","sticky":false,"template":"","format":"standard","meta":{"footnotes":""},"categories":[436,254],"tags":[],"class_list":["post-190393","post","type-post","status-publish","format-standard","has-post-thumbnail","hentry","category-destaque-da-semana","category-politica"],"_links":{"self":[{"href":"https:\/\/diarioregionaldigital.com.br\/index.php?rest_route=\/wp\/v2\/posts\/190393","targetHints":{"allow":["GET"]}}],"collection":[{"href":"https:\/\/diarioregionaldigital.com.br\/index.php?rest_route=\/wp\/v2\/posts"}],"about":[{"href":"https:\/\/diarioregionaldigital.com.br\/index.php?rest_route=\/wp\/v2\/types\/post"}],"author":[{"embeddable":true,"href":"https:\/\/diarioregionaldigital.com.br\/index.php?rest_route=\/wp\/v2\/users\/246"}],"replies":[{"embeddable":true,"href":"https:\/\/diarioregionaldigital.com.br\/index.php?rest_route=%2Fwp%2Fv2%2Fcomments&post=190393"}],"version-history":[{"count":1,"href":"https:\/\/diarioregionaldigital.com.br\/index.php?rest_route=\/wp\/v2\/posts\/190393\/revisions"}],"predecessor-version":[{"id":190395,"href":"https:\/\/diarioregionaldigital.com.br\/index.php?rest_route=\/wp\/v2\/posts\/190393\/revisions\/190395"}],"wp:featuredmedia":[{"embeddable":true,"href":"https:\/\/diarioregionaldigital.com.br\/index.php?rest_route=\/wp\/v2\/media\/190394"}],"wp:attachment":[{"href":"https:\/\/diarioregionaldigital.com.br\/index.php?rest_route=%2Fwp%2Fv2%2Fmedia&parent=190393"}],"wp:term":[{"taxonomy":"category","embeddable":true,"href":"https:\/\/diarioregionaldigital.com.br\/index.php?rest_route=%2Fwp%2Fv2%2Fcategories&post=190393"},{"taxonomy":"post_tag","embeddable":true,"href":"https:\/\/diarioregionaldigital.com.br\/index.php?rest_route=%2Fwp%2Fv2%2Ftags&post=190393"}],"curies":[{"name":"wp","href":"https:\/\/api.w.org\/{rel}","templated":true}]}}