{"id":190390,"date":"2021-10-29T15:32:06","date_gmt":"2021-10-29T18:32:06","guid":{"rendered":"https:\/\/diarioregionaldigital.com.br\/?p=190390"},"modified":"2021-10-29T15:35:02","modified_gmt":"2021-10-29T18:35:02","slug":"senado-regulamenta-a-profissao-de-despachante-documentalista","status":"publish","type":"post","link":"https:\/\/diarioregionaldigital.com.br\/?p=190390","title":{"rendered":"Senado regulamenta a profiss\u00e3o de despachante documentalista"},"content":{"rendered":"<p>O Senado aprovou hoje (28) a regulamenta\u00e7\u00e3o da profiss\u00e3o de despachante documentalista. O projeto de lei (PL) referente ao tema foi aprovado pela\u00a0C\u00e2mara dos Deputados e agora segue para san\u00e7\u00e3o presidencial.<img decoding=\"async\" src=\"https:\/\/agenciabrasil.ebc.com.br\/ebc.png?id=1426004&amp;o=node\" \/><img decoding=\"async\" src=\"https:\/\/agenciabrasil.ebc.com.br\/ebc.gif?id=1426004&amp;o=node\" \/><\/p>\n<p>O despachante documentalista \u00e9 o profissional respons\u00e1vel por acompanhar a tramita\u00e7\u00e3o de processos e procedimentos de terceiros em \u00f3rg\u00e3os p\u00fablicos. Da mesma maneira, deve cumprir dilig\u00eancias, anexar documentos, prestar esclarecimentos, solicitar informa\u00e7\u00f5es e relat\u00f3rios, bem como executar todos os atos pertinentes e necess\u00e1rios \u00e0 media\u00e7\u00e3o ou \u00e0 representa\u00e7\u00e3o.<\/p>\n<p>Segundo o relator do PL no Senado, Otto Alencar (PSD-BA), o despachante documentalista \u201catua, majoritariamente, na desburocratiza\u00e7\u00e3o da vida do cidad\u00e3o brasileiro em seus afazeres junto \u00e0 administra\u00e7\u00e3o p\u00fablica de qualquer dos entes federados\u201d. Na avalia\u00e7\u00e3o do relator, esse profissional poupa o tempo de seus clientes e previne a exist\u00eancia de conflitos evit\u00e1veis entre a administra\u00e7\u00e3o p\u00fablica e aqueles que o profissional est\u00e1 representando.<\/p>\n<p>Pelo texto aprovado, para exercer a profiss\u00e3o ser\u00e1 obrigat\u00f3rio estar registrado no Conselho Federal ou nos Conselhos Regionais dos Despachantes Documentalistas, constitu\u00eddos pela Lei 10.602, de 2002). O profissional ter\u00e1 que ser maior de 18 anos ou emancipado, e graduado em curso tecnol\u00f3gico de despachante documentalista, reconhecido pela legisla\u00e7\u00e3o.<\/p>\n<p><span style=\"font-weight: 400;\">Fonte: Ag\u00eancia Brasil \/ Ag\u00eancia Senado<\/span><\/p>\n","protected":false},"excerpt":{"rendered":"<p>O Senado aprovou hoje (28) a regulamenta\u00e7\u00e3o da profiss\u00e3o de despachante documentalista. O projeto de lei (PL) referente ao tema foi aprovado pela\u00a0C\u00e2mara dos Deputados e agora segue para san\u00e7\u00e3o presidencial. O despachante documentalista \u00e9 o profissional respons\u00e1vel por acompanhar a tramita\u00e7\u00e3o de processos e procedimentos de terceiros em \u00f3rg\u00e3os p\u00fablicos. Da mesma maneira, deve [&hellip;]<\/p>\n","protected":false},"author":246,"featured_media":190391,"comment_status":"closed","ping_status":"closed","sticky":false,"template":"","format":"standard","meta":{"footnotes":""},"categories":[436,254],"tags":[],"class_list":["post-190390","post","type-post","status-publish","format-standard","has-post-thumbnail","hentry","category-destaque-da-semana","category-politica"],"_links":{"self":[{"href":"https:\/\/diarioregionaldigital.com.br\/index.php?rest_route=\/wp\/v2\/posts\/190390","targetHints":{"allow":["GET"]}}],"collection":[{"href":"https:\/\/diarioregionaldigital.com.br\/index.php?rest_route=\/wp\/v2\/posts"}],"about":[{"href":"https:\/\/diarioregionaldigital.com.br\/index.php?rest_route=\/wp\/v2\/types\/post"}],"author":[{"embeddable":true,"href":"https:\/\/diarioregionaldigital.com.br\/index.php?rest_route=\/wp\/v2\/users\/246"}],"replies":[{"embeddable":true,"href":"https:\/\/diarioregionaldigital.com.br\/index.php?rest_route=%2Fwp%2Fv2%2Fcomments&post=190390"}],"version-history":[{"count":1,"href":"https:\/\/diarioregionaldigital.com.br\/index.php?rest_route=\/wp\/v2\/posts\/190390\/revisions"}],"predecessor-version":[{"id":190392,"href":"https:\/\/diarioregionaldigital.com.br\/index.php?rest_route=\/wp\/v2\/posts\/190390\/revisions\/190392"}],"wp:featuredmedia":[{"embeddable":true,"href":"https:\/\/diarioregionaldigital.com.br\/index.php?rest_route=\/wp\/v2\/media\/190391"}],"wp:attachment":[{"href":"https:\/\/diarioregionaldigital.com.br\/index.php?rest_route=%2Fwp%2Fv2%2Fmedia&parent=190390"}],"wp:term":[{"taxonomy":"category","embeddable":true,"href":"https:\/\/diarioregionaldigital.com.br\/index.php?rest_route=%2Fwp%2Fv2%2Fcategories&post=190390"},{"taxonomy":"post_tag","embeddable":true,"href":"https:\/\/diarioregionaldigital.com.br\/index.php?rest_route=%2Fwp%2Fv2%2Ftags&post=190390"}],"curies":[{"name":"wp","href":"https:\/\/api.w.org\/{rel}","templated":true}]}}