{"id":190381,"date":"2021-10-29T15:22:17","date_gmt":"2021-10-29T18:22:17","guid":{"rendered":"https:\/\/diarioregionaldigital.com.br\/?p=190381"},"modified":"2021-10-29T15:22:17","modified_gmt":"2021-10-29T18:22:17","slug":"banco-central-anuncia-que-contas-publicas-tem-superavit-de-r-129-bi","status":"publish","type":"post","link":"https:\/\/diarioregionaldigital.com.br\/?p=190381","title":{"rendered":"Banco Central anuncia que contas p\u00fablicas t\u00eam super\u00e1vit de R$ 12,9 bi"},"content":{"rendered":"<p>As contas p\u00fablicas registraram saldo positivo em setembro. O Banco Central (BC) informou hoje (29), em Bras\u00edlia, que o setor p\u00fablico consolidado, formado por Uni\u00e3o, estados e munic\u00edpios, apresentou super\u00e1vit prim\u00e1rio de R$ 12,9 bilh\u00f5es no m\u00eas passado, ante d\u00e9ficit prim\u00e1rio de R$ 64,6 bilh\u00f5es em agosto de 2020.<img decoding=\"async\" src=\"https:\/\/agenciabrasil.ebc.com.br\/ebc.png?id=1426036&amp;o=node\" \/><img decoding=\"async\" src=\"https:\/\/agenciabrasil.ebc.com.br\/ebc.gif?id=1426036&amp;o=node\" \/><\/p>\n<p>Segundo o BC, no acumulado no ano, o setor p\u00fablico consolidado anotou super\u00e1vit prim\u00e1rio de R$ 14,2 bilh\u00f5es, ante d\u00e9ficit de R$ 635,9 bilh\u00f5es no mesmo per\u00edodo de 2020.<\/p>\n<p>Nos \u00faltimos 12 meses, o d\u00e9ficit prim\u00e1rio do setor p\u00fablico consolidado atingiu R$ 52,9 bilh\u00f5es, ficando em 0,63% do Produto Interno Bruto (PIB \u2013 a soma de todas as riquezas produzidas no pa\u00eds), uma redu\u00e7\u00e3o de 0,94 ponto percentual em rela\u00e7\u00e3o ao d\u00e9ficit acumulado no m\u00eas anterior.<\/p>\n<p>Os juros nominais do setor p\u00fablico consolidado, apropriados por compet\u00eancia, alcan\u00e7aram R$ 55 bilh\u00f5es no m\u00eas, comparativamente a R$ 38,9 bilh\u00f5es em setembro de 2020.<\/p>\n<p>O BC disse que essa eleva\u00e7\u00e3o foi influenciada pelos aumentos do \u00cdndice de Pre\u00e7os ao Consumidor Amplo (IPCA) e da taxa Selic no per\u00edodo, e tamb\u00e9m pelo resultado das opera\u00e7\u00f5es de swap cambial, que tiveram perdas de R$ 12,9 bilh\u00f5es em setembro de 2020 e de R$ 16,8 bilh\u00f5es em setembro de 2021.<\/p>\n<p>No acumulado em 12 meses, os juros nominais alcan\u00e7aram R$ 351,8 bilh\u00f5es (4,21% do PIB), ante R$ 335,7 bilh\u00f5es (4,56% do PIB) nos 12 meses terminados em setembro de 2020.<\/p>\n<p>Com isso, em setembro de 2021 o resultado nominal do setor p\u00fablico consolidado, que inclui o resultado prim\u00e1rio e os juros nominais apropriados, foi deficit\u00e1rio em R$ 42 bilh\u00f5es.<\/p>\n<p>No acumulado dos \u00faltimos 12 meses, o d\u00e9ficit nominal atingiu R$ 404,6 bilh\u00f5es (4,84% do PIB), reduzindo-se em rela\u00e7\u00e3o ao acumulado at\u00e9 agosto: R$ 466 bilh\u00f5es (5,62% do PIB).<\/p>\n<p><strong>D\u00edvida bruta<\/strong><\/p>\n<p>O Banco Central informou, tamb\u00e9m, que a d\u00edvida bruta do pa\u00eds, que compreende governo federal, INSS (Instituto Nacional do Seguro Social) e governos estaduais e municipais, ficou em 83% do PIB, atingindo R$ 6,9 trilh\u00f5es em setembro, um aumento de 0,3 ponto percentual do PIB em rela\u00e7\u00e3o a agosto.<\/p>\n<p>J\u00e1 a d\u00edvida l\u00edquida chegou, em setembro, a R$ 4,9 trilh\u00f5es (58,5% do PIB). O resultado refletiu, em especial, os impactos da desvaloriza\u00e7\u00e3o cambial de 5,76% no m\u00eas, do super\u00e1vit prim\u00e1rio e dos juros nominais apropriados.<\/p>\n<p><span style=\"font-weight: 400;\">Fonte: Ag\u00eancia Brasil <\/span><\/p>\n","protected":false},"excerpt":{"rendered":"<p>As contas p\u00fablicas registraram saldo positivo em setembro. O Banco Central (BC) informou hoje (29), em Bras\u00edlia, que o setor p\u00fablico consolidado, formado por Uni\u00e3o, estados e munic\u00edpios, apresentou super\u00e1vit prim\u00e1rio de R$ 12,9 bilh\u00f5es no m\u00eas passado, ante d\u00e9ficit prim\u00e1rio de R$ 64,6 bilh\u00f5es em agosto de 2020. Segundo o BC, no acumulado no [&hellip;]<\/p>\n","protected":false},"author":246,"featured_media":190382,"comment_status":"closed","ping_status":"closed","sticky":false,"template":"","format":"standard","meta":{"footnotes":""},"categories":[436,261],"tags":[],"class_list":["post-190381","post","type-post","status-publish","format-standard","has-post-thumbnail","hentry","category-destaque-da-semana","category-economia"],"_links":{"self":[{"href":"https:\/\/diarioregionaldigital.com.br\/index.php?rest_route=\/wp\/v2\/posts\/190381","targetHints":{"allow":["GET"]}}],"collection":[{"href":"https:\/\/diarioregionaldigital.com.br\/index.php?rest_route=\/wp\/v2\/posts"}],"about":[{"href":"https:\/\/diarioregionaldigital.com.br\/index.php?rest_route=\/wp\/v2\/types\/post"}],"author":[{"embeddable":true,"href":"https:\/\/diarioregionaldigital.com.br\/index.php?rest_route=\/wp\/v2\/users\/246"}],"replies":[{"embeddable":true,"href":"https:\/\/diarioregionaldigital.com.br\/index.php?rest_route=%2Fwp%2Fv2%2Fcomments&post=190381"}],"version-history":[{"count":1,"href":"https:\/\/diarioregionaldigital.com.br\/index.php?rest_route=\/wp\/v2\/posts\/190381\/revisions"}],"predecessor-version":[{"id":190383,"href":"https:\/\/diarioregionaldigital.com.br\/index.php?rest_route=\/wp\/v2\/posts\/190381\/revisions\/190383"}],"wp:featuredmedia":[{"embeddable":true,"href":"https:\/\/diarioregionaldigital.com.br\/index.php?rest_route=\/wp\/v2\/media\/190382"}],"wp:attachment":[{"href":"https:\/\/diarioregionaldigital.com.br\/index.php?rest_route=%2Fwp%2Fv2%2Fmedia&parent=190381"}],"wp:term":[{"taxonomy":"category","embeddable":true,"href":"https:\/\/diarioregionaldigital.com.br\/index.php?rest_route=%2Fwp%2Fv2%2Fcategories&post=190381"},{"taxonomy":"post_tag","embeddable":true,"href":"https:\/\/diarioregionaldigital.com.br\/index.php?rest_route=%2Fwp%2Fv2%2Ftags&post=190381"}],"curies":[{"name":"wp","href":"https:\/\/api.w.org\/{rel}","templated":true}]}}