{"id":190378,"date":"2021-10-29T15:17:18","date_gmt":"2021-10-29T18:17:18","guid":{"rendered":"https:\/\/diarioregionaldigital.com.br\/?p=190378"},"modified":"2021-10-29T15:17:18","modified_gmt":"2021-10-29T18:17:18","slug":"confaz-congela-icms-sobre-combustiveis-por-90-dias","status":"publish","type":"post","link":"https:\/\/diarioregionaldigital.com.br\/?p=190378","title":{"rendered":"Confaz congela ICMS sobre combust\u00edveis por 90 dias"},"content":{"rendered":"<p>O Conselho Nacional de Pol\u00edtica Fazend\u00e1ria (Confaz) aprovou, por unanimidade, o congelamento do valor do Imposto sobre Circula\u00e7\u00e3o de Mercadorias e Servi\u00e7os (ICMS) cobrado nas vendas de combust\u00edveis por 90 dias.<img decoding=\"async\" src=\"https:\/\/agenciabrasil.ebc.com.br\/ebc.png?id=1426038&amp;o=node\" \/><img decoding=\"async\" src=\"https:\/\/agenciabrasil.ebc.com.br\/ebc.gif?id=1426038&amp;o=node\" \/><\/p>\n<p>A decis\u00e3o foi tomada pelo colegiado em sua 339\u00aa Reuni\u00e3o Extraordin\u00e1ria, realizada hoje (29), em Bras\u00edlia.<\/p>\n<p>A medida tem por objetivo colaborar com a manuten\u00e7\u00e3o dos pre\u00e7os nos valores vigentes em 1\u00ba de novembro de 2021 at\u00e9 31 de janeiro de 2022.<\/p>\n<p><span style=\"font-weight: 400;\">Fonte: Ag\u00eancia Brasil <\/span><\/p>\n","protected":false},"excerpt":{"rendered":"<p>O Conselho Nacional de Pol\u00edtica Fazend\u00e1ria (Confaz) aprovou, por unanimidade, o congelamento do valor do Imposto sobre Circula\u00e7\u00e3o de Mercadorias e Servi\u00e7os (ICMS) cobrado nas vendas de combust\u00edveis por 90 dias. A decis\u00e3o foi tomada pelo colegiado em sua 339\u00aa Reuni\u00e3o Extraordin\u00e1ria, realizada hoje (29), em Bras\u00edlia. A medida tem por objetivo colaborar com a [&hellip;]<\/p>\n","protected":false},"author":246,"featured_media":190379,"comment_status":"closed","ping_status":"closed","sticky":false,"template":"","format":"standard","meta":{"footnotes":""},"categories":[436,261],"tags":[],"class_list":["post-190378","post","type-post","status-publish","format-standard","has-post-thumbnail","hentry","category-destaque-da-semana","category-economia"],"_links":{"self":[{"href":"https:\/\/diarioregionaldigital.com.br\/index.php?rest_route=\/wp\/v2\/posts\/190378","targetHints":{"allow":["GET"]}}],"collection":[{"href":"https:\/\/diarioregionaldigital.com.br\/index.php?rest_route=\/wp\/v2\/posts"}],"about":[{"href":"https:\/\/diarioregionaldigital.com.br\/index.php?rest_route=\/wp\/v2\/types\/post"}],"author":[{"embeddable":true,"href":"https:\/\/diarioregionaldigital.com.br\/index.php?rest_route=\/wp\/v2\/users\/246"}],"replies":[{"embeddable":true,"href":"https:\/\/diarioregionaldigital.com.br\/index.php?rest_route=%2Fwp%2Fv2%2Fcomments&post=190378"}],"version-history":[{"count":1,"href":"https:\/\/diarioregionaldigital.com.br\/index.php?rest_route=\/wp\/v2\/posts\/190378\/revisions"}],"predecessor-version":[{"id":190380,"href":"https:\/\/diarioregionaldigital.com.br\/index.php?rest_route=\/wp\/v2\/posts\/190378\/revisions\/190380"}],"wp:featuredmedia":[{"embeddable":true,"href":"https:\/\/diarioregionaldigital.com.br\/index.php?rest_route=\/wp\/v2\/media\/190379"}],"wp:attachment":[{"href":"https:\/\/diarioregionaldigital.com.br\/index.php?rest_route=%2Fwp%2Fv2%2Fmedia&parent=190378"}],"wp:term":[{"taxonomy":"category","embeddable":true,"href":"https:\/\/diarioregionaldigital.com.br\/index.php?rest_route=%2Fwp%2Fv2%2Fcategories&post=190378"},{"taxonomy":"post_tag","embeddable":true,"href":"https:\/\/diarioregionaldigital.com.br\/index.php?rest_route=%2Fwp%2Fv2%2Ftags&post=190378"}],"curies":[{"name":"wp","href":"https:\/\/api.w.org\/{rel}","templated":true}]}}