{"id":190375,"date":"2021-10-29T15:14:13","date_gmt":"2021-10-29T18:14:13","guid":{"rendered":"https:\/\/diarioregionaldigital.com.br\/?p=190375"},"modified":"2021-10-29T15:14:13","modified_gmt":"2021-10-29T18:14:13","slug":"numero-de-inadimplentes-cai-em-setembro-mas-valor-de-dividas-aumenta","status":"publish","type":"post","link":"https:\/\/diarioregionaldigital.com.br\/?p=190375","title":{"rendered":"N\u00famero de inadimplentes cai em setembro, mas valor de d\u00edvidas aumenta"},"content":{"rendered":"<p>O n\u00famero de inadimplentes no Brasil chegou a 62,21 milh\u00f5es de pessoas em setembro, o que representa uma ligeira retra\u00e7\u00e3o (0,06%) ante o m\u00eas anterior.<img decoding=\"async\" src=\"https:\/\/agenciabrasil.ebc.com.br\/ebc.png?id=1426039&amp;o=node\" \/><img decoding=\"async\" src=\"https:\/\/agenciabrasil.ebc.com.br\/ebc.gif?id=1426039&amp;o=node\" \/><\/p>\n<p>Segundo o\u00a0<em>Mapa da Inadimpl\u00eancia e Renegocia\u00e7\u00e3o de D\u00edvidas no Brasil<\/em>\u00a0divulgado hoje (29) pela Serasa, esse \u00e9 o valor mais baixo desde abril, quando foram registrados 62,98 milh\u00f5es de brasileiros nessa situa\u00e7\u00e3o.<\/p>\n<p>De acordo com o estudo mensal, o n\u00famero de d\u00edvidas totais no Brasil tamb\u00e9m \u00e9 o menor registrado no per\u00edodo, com queda de 0,16% em rela\u00e7\u00e3o a agosto, totalizando 208,46 milh\u00f5es de contas.<\/p>\n<p>Segundo o levantamento, apesar da queda na inadimpl\u00eancia, o valor total de d\u00edvidas em setembro teve alta de 0,34% na compara\u00e7\u00e3o com agosto, somando R$ 245,3 bilh\u00f5es. A m\u00e9dia dos valores da d\u00edvida \u00e9 de R$ 3.944 por pessoa e de R$ 1.177 por d\u00edvida.<\/p>\n<p>O segmento de bancos e cart\u00f5es de cr\u00e9dito continua liderando a lista das contas respons\u00e1veis pela inadimpl\u00eancia, representando 28,7% delas, seguido das d\u00edvidas de contas b\u00e1sicas como \u00e1gua e luz (23,5%) e varejo com 13%.<\/p>\n<p>\u201cOs n\u00fameros revelam que os brasileiros est\u00e3o buscando oportunidades de renegociar com condi\u00e7\u00f5es diferenciadas e que as empresas credoras entendem cada vez mais a import\u00e2ncia de oferecer essas condi\u00e7\u00f5es para os brasileiros renegociarem: s\u00f3 em setembro, foram mais de R$ 3,27 bilh\u00f5es de descontos concedidos em renegocia\u00e7\u00f5es pelo Serasa Limpa Nome\u201d, disse a gerente da Serasa, Nathalia Dirani.<\/p>\n<p><strong>Recorte regional<\/strong><\/p>\n<p>Os estados onde h\u00e1 mais inadimplentes s\u00e3o: S\u00e3o Paulo (14,67 milh\u00f5es), Rio de Janeiro (6,18 milh\u00f5es), Minas Gerais (5,82 milh\u00f5es), Bahia (4 milh\u00f5es) e Paran\u00e1 (3,29 milh\u00f5es).<\/p>\n<p>Esses tamb\u00e9m s\u00e3o os estados onde h\u00e1 maior n\u00famero de negocia\u00e7\u00f5es de d\u00edvidas. Segundo Nathalia, para muitos brasileiros o primeiro passo para o recome\u00e7o \u00e9 estar com o nome limpo e o Serasa promove a\u00e7\u00f5es com essa finalidade durante o ano todo.<\/p>\n<p><span style=\"font-weight: 400;\"><br \/>\n<\/span><span style=\"font-weight: 400;\">Fonte: Ag\u00eancia Brasil <\/span><\/p>\n","protected":false},"excerpt":{"rendered":"<p>O n\u00famero de inadimplentes no Brasil chegou a 62,21 milh\u00f5es de pessoas em setembro, o que representa uma ligeira retra\u00e7\u00e3o (0,06%) ante o m\u00eas anterior. Segundo o\u00a0Mapa da Inadimpl\u00eancia e Renegocia\u00e7\u00e3o de D\u00edvidas no Brasil\u00a0divulgado hoje (29) pela Serasa, esse \u00e9 o valor mais baixo desde abril, quando foram registrados 62,98 milh\u00f5es de brasileiros nessa [&hellip;]<\/p>\n","protected":false},"author":246,"featured_media":190376,"comment_status":"closed","ping_status":"closed","sticky":false,"template":"","format":"standard","meta":{"footnotes":""},"categories":[436,261],"tags":[],"class_list":["post-190375","post","type-post","status-publish","format-standard","has-post-thumbnail","hentry","category-destaque-da-semana","category-economia"],"_links":{"self":[{"href":"https:\/\/diarioregionaldigital.com.br\/index.php?rest_route=\/wp\/v2\/posts\/190375","targetHints":{"allow":["GET"]}}],"collection":[{"href":"https:\/\/diarioregionaldigital.com.br\/index.php?rest_route=\/wp\/v2\/posts"}],"about":[{"href":"https:\/\/diarioregionaldigital.com.br\/index.php?rest_route=\/wp\/v2\/types\/post"}],"author":[{"embeddable":true,"href":"https:\/\/diarioregionaldigital.com.br\/index.php?rest_route=\/wp\/v2\/users\/246"}],"replies":[{"embeddable":true,"href":"https:\/\/diarioregionaldigital.com.br\/index.php?rest_route=%2Fwp%2Fv2%2Fcomments&post=190375"}],"version-history":[{"count":1,"href":"https:\/\/diarioregionaldigital.com.br\/index.php?rest_route=\/wp\/v2\/posts\/190375\/revisions"}],"predecessor-version":[{"id":190377,"href":"https:\/\/diarioregionaldigital.com.br\/index.php?rest_route=\/wp\/v2\/posts\/190375\/revisions\/190377"}],"wp:featuredmedia":[{"embeddable":true,"href":"https:\/\/diarioregionaldigital.com.br\/index.php?rest_route=\/wp\/v2\/media\/190376"}],"wp:attachment":[{"href":"https:\/\/diarioregionaldigital.com.br\/index.php?rest_route=%2Fwp%2Fv2%2Fmedia&parent=190375"}],"wp:term":[{"taxonomy":"category","embeddable":true,"href":"https:\/\/diarioregionaldigital.com.br\/index.php?rest_route=%2Fwp%2Fv2%2Fcategories&post=190375"},{"taxonomy":"post_tag","embeddable":true,"href":"https:\/\/diarioregionaldigital.com.br\/index.php?rest_route=%2Fwp%2Fv2%2Ftags&post=190375"}],"curies":[{"name":"wp","href":"https:\/\/api.w.org\/{rel}","templated":true}]}}