{"id":190362,"date":"2021-10-28T17:09:19","date_gmt":"2021-10-28T20:09:19","guid":{"rendered":"https:\/\/diarioregionaldigital.com.br\/?p=190362"},"modified":"2021-10-28T17:09:19","modified_gmt":"2021-10-28T20:09:19","slug":"programa-boniteza-realiza-intervencoes-nos-dias-29-30-e-1o","status":"publish","type":"post","link":"https:\/\/diarioregionaldigital.com.br\/?p=190362","title":{"rendered":"Programa Boniteza realiza interven\u00e7\u00f5es nos dias 29, 30 e 1\u00ba"},"content":{"rendered":"<p>Segundo informa\u00e7\u00f5es do site da Prefeitura de Juiz de Fora, a Secretaria de Obras da Prefeitura de Juiz de Fora (PJF) promove a\u00e7\u00f5es de melhorias urbanas no sistema de plant\u00e3o nos dias 29, 30 e 1\u00ba, como parte do Programa Boniteza.<\/p>\n<p><b>Obras<\/b><\/p>\n<p>Os Departamentos de Opera\u00e7\u00e3o e Manuten\u00e7\u00e3o em Obras (Domo) e de Estradas Vicinais da Secretaria de Obras (SO) t\u00eam previstas 13 a\u00e7\u00f5es. Confira a programa\u00e7\u00e3o:<\/p>\n<p>29 de outubro<br \/>\n-Limpeza das bocas de lobo &#8211; Rua Laurindo Ten\u00f3rio de Medeiros &#8211; Nova Benfica<br \/>\n-Limpeza das bocas de lobo &#8211; Rua Lima Duarte &#8211; Benfica<br \/>\n-Limpeza das bocas de lobo &#8211; Avenida Pedro Timponi &#8211; Nova Benfica<br \/>\n-Constru\u00e7\u00e3o de escada hidr\u00e1ulica &#8211; Rua Paulo Moreira Guedes &#8211; Monte Castelo<br \/>\n-Corre\u00e7\u00e3o de eros\u00e3o pluvial &#8211; C\u00f3rrego na Rua Ab\u00edlio Gomes &#8211; Francisco Bernardino<\/p>\n<p>30 de outubro<br \/>\n-Limpeza das bocas de lobo &#8211; Comunidade Cachoeiras &#8211; Igrejinha<br \/>\n-Limpeza das bocas de lobo &#8211; Rua da Esta\u00e7\u00e3o &#8211; Igrejinha<\/p>\n<p>1\u00ba de novembro<br \/>\n-Limpeza das bocas de lobo &#8211; Rua Nunes Lima &#8211; Industrial<br \/>\n-Limpeza das bocas de lobo &#8211; Rua Augusto Mariani &#8211; Industrial<br \/>\n-Limpeza das bocas de lobo &#8211; Avenida Garcia Rodrigues Paes &#8211; Industrial<br \/>\n-Limpeza das bocas de lobo &#8211; Avenida L\u00facio Bittencourt &#8211; Industrial<br \/>\n-Limpeza das bocas de lobo &#8211; Rua Henrique Sim\u00f5es &#8211; Industrial<br \/>\n-Constru\u00e7\u00e3o de escada hidr\u00e1ulica &#8211; Rua Paulo Moreira Guedes &#8211; Monte Castelo<\/p>\n<p><b>Ilumina\u00e7\u00e3o P\u00fablica<\/b><\/p>\n<p>O departamento de Ilumina\u00e7\u00e3o P\u00fablica da PJF vai funcionar no formato de plant\u00e3o durante os feriados do Dia do Servidor e de Finados.<\/p>\n<p><b>Gabinete de A\u00e7\u00e3o e Di\u00e1logo Comunit\u00e1rio<\/b><\/p>\n<p>As a\u00e7\u00f5es da Secretaria de Obras s\u00e3o realizadas atrav\u00e9s do Gabinete de A\u00e7\u00e3o e Di\u00e1logo Comunit\u00e1rio, que recebe demandas de melhorias urbanas pelo n\u00famero (32) 3690-7241, por liga\u00e7\u00e3o ou WhatsApp.<\/p>\n<p>No\u00a0<a href=\"https:\/\/www.pjf.mg.gov.br\/gabinetecomunitario\/\"><b>site do gabinete<\/b><\/a>, est\u00e3o dispon\u00edveis informa\u00e7\u00f5es atualizadas diariamente sobre os servi\u00e7os realizados pelas secretarias de Obras (SO); de Sustentabilidade em Meio Ambiente e Atividades Urbanas (Sesmaur); de Mobilidade Urbana (SMU); e pela Empresa Municipal de Pavimenta\u00e7\u00e3o e Urbaniza\u00e7\u00e3o (Empav); Departamento Municipal de Limpeza Urbana (Demlurb); e Companhia de Saneamento Municipal (Cesama).<\/p>\n","protected":false},"excerpt":{"rendered":"<p>Segundo informa\u00e7\u00f5es do site da Prefeitura de Juiz de Fora, a Secretaria de Obras da Prefeitura de Juiz de Fora (PJF) promove a\u00e7\u00f5es de melhorias urbanas no sistema de plant\u00e3o nos dias 29, 30 e 1\u00ba, como parte do Programa Boniteza. Obras Os Departamentos de Opera\u00e7\u00e3o e Manuten\u00e7\u00e3o em Obras (Domo) e de Estradas Vicinais [&hellip;]<\/p>\n","protected":false},"author":246,"featured_media":190363,"comment_status":"closed","ping_status":"closed","sticky":false,"template":"","format":"standard","meta":{"footnotes":""},"categories":[253,436],"tags":[],"class_list":["post-190362","post","type-post","status-publish","format-standard","has-post-thumbnail","hentry","category-cidade","category-destaque-da-semana"],"_links":{"self":[{"href":"https:\/\/diarioregionaldigital.com.br\/index.php?rest_route=\/wp\/v2\/posts\/190362","targetHints":{"allow":["GET"]}}],"collection":[{"href":"https:\/\/diarioregionaldigital.com.br\/index.php?rest_route=\/wp\/v2\/posts"}],"about":[{"href":"https:\/\/diarioregionaldigital.com.br\/index.php?rest_route=\/wp\/v2\/types\/post"}],"author":[{"embeddable":true,"href":"https:\/\/diarioregionaldigital.com.br\/index.php?rest_route=\/wp\/v2\/users\/246"}],"replies":[{"embeddable":true,"href":"https:\/\/diarioregionaldigital.com.br\/index.php?rest_route=%2Fwp%2Fv2%2Fcomments&post=190362"}],"version-history":[{"count":1,"href":"https:\/\/diarioregionaldigital.com.br\/index.php?rest_route=\/wp\/v2\/posts\/190362\/revisions"}],"predecessor-version":[{"id":190364,"href":"https:\/\/diarioregionaldigital.com.br\/index.php?rest_route=\/wp\/v2\/posts\/190362\/revisions\/190364"}],"wp:featuredmedia":[{"embeddable":true,"href":"https:\/\/diarioregionaldigital.com.br\/index.php?rest_route=\/wp\/v2\/media\/190363"}],"wp:attachment":[{"href":"https:\/\/diarioregionaldigital.com.br\/index.php?rest_route=%2Fwp%2Fv2%2Fmedia&parent=190362"}],"wp:term":[{"taxonomy":"category","embeddable":true,"href":"https:\/\/diarioregionaldigital.com.br\/index.php?rest_route=%2Fwp%2Fv2%2Fcategories&post=190362"},{"taxonomy":"post_tag","embeddable":true,"href":"https:\/\/diarioregionaldigital.com.br\/index.php?rest_route=%2Fwp%2Fv2%2Ftags&post=190362"}],"curies":[{"name":"wp","href":"https:\/\/api.w.org\/{rel}","templated":true}]}}