{"id":190355,"date":"2021-10-28T17:02:11","date_gmt":"2021-10-28T20:02:11","guid":{"rendered":"https:\/\/diarioregionaldigital.com.br\/?p=190355"},"modified":"2021-10-28T17:02:11","modified_gmt":"2021-10-28T20:02:11","slug":"coletas-seletiva-e-de-lixo-domiciliar-serao-interrompidas-no-feriado-de-finados","status":"publish","type":"post","link":"https:\/\/diarioregionaldigital.com.br\/?p=190355","title":{"rendered":"Coletas seletiva e de lixo domiciliar ser\u00e3o interrompidas no feriado de Finados"},"content":{"rendered":"<p>Na ter\u00e7a-feira, 2, Dia de Finados, os servi\u00e7os de coleta seletiva e de lixo domiciliar realizados pelo Departamento Municipal de Limpeza Urbana (Demlurb) da Prefeitura de Juiz de Fora (PJF) ser\u00e3o interrompidos. O Demlurb pede a colabora\u00e7\u00e3o da popula\u00e7\u00e3o para que n\u00e3o descarte o lixo nesta data. Os trabalhos acontecer\u00e3o normalmente na sexta-feira, 29, no s\u00e1bado, 30, na segunda-feira, 1\u00b0, e ser\u00e3o retomados na quarta-feira, 3.<\/p>\n<p>Segundo informa\u00e7\u00f5es do site da Prefeitura de Juiz de Fora, tamb\u00e9m estar\u00e3o interrompidas no feriado as atividades dos ecopontos de coleta de pneus, na Rua Bartolomeu dos Santos, entre os bairros Benfica e S\u00e3o Dami\u00e3o, de recolhimento de restos da constru\u00e7\u00e3o civil, materiais recicl\u00e1veis, m\u00f3veis e eletrodom\u00e9sticos, na Rua Diva Garcia, no Linhares, e em frente ao Est\u00e1dio Municipal, no Aeroporto. Nos demais dias, os trabalhos funcionar\u00e3o normalmente.<\/p>\n<p>As a\u00e7\u00f5es de capina e ro\u00e7ada ocorrer\u00e3o na sexta e na segunda, dias de ponto facultativo, em esquema de plant\u00e3o. J\u00e1 a equipe de varri\u00e7\u00e3o trabalhar\u00e1 normalmente nos locais de realiza\u00e7\u00e3o de feiras livres e nas ruas de maior movimento da regi\u00e3o Central da cidade, inclusive no feriado.<\/p>\n<p>O setor administrativo entrar\u00e1 em recesso nesta sexta-feira, 29, devido ao ponto facultativo em comemora\u00e7\u00e3o ao Dia do Servidor P\u00fablico, celebrado em 28 de outubro. As atividades ser\u00e3o retomadas na quarta-feira, 3.<\/p>\n<p>Pedidos de limpeza de vias, bem como de c\u00f3rregos, ro\u00e7ada, capina e demais servi\u00e7os relativos a interven\u00e7\u00f5es e melhorias urbanas, podem ser feitos pelo Gabinete de A\u00e7\u00e3o e Di\u00e1logo Comunit\u00e1rio, que atende demandas urbanas da popula\u00e7\u00e3o atrav\u00e9s do n\u00famero (32) 3690-7241, via telefonema ou WhatsApp.<\/p>\n<p><b>Outras informa\u00e7\u00f5es:<\/b><br \/>\n(32) 3690-3537 &#8211; Departamento Municipal de Limpeza Urbana (Demlurb).<\/p>\n","protected":false},"excerpt":{"rendered":"<p>Na ter\u00e7a-feira, 2, Dia de Finados, os servi\u00e7os de coleta seletiva e de lixo domiciliar realizados pelo Departamento Municipal de Limpeza Urbana (Demlurb) da Prefeitura de Juiz de Fora (PJF) ser\u00e3o interrompidos. O Demlurb pede a colabora\u00e7\u00e3o da popula\u00e7\u00e3o para que n\u00e3o descarte o lixo nesta data. Os trabalhos acontecer\u00e3o normalmente na sexta-feira, 29, no [&hellip;]<\/p>\n","protected":false},"author":246,"featured_media":190356,"comment_status":"closed","ping_status":"closed","sticky":false,"template":"","format":"standard","meta":{"footnotes":""},"categories":[253,436],"tags":[],"class_list":["post-190355","post","type-post","status-publish","format-standard","has-post-thumbnail","hentry","category-cidade","category-destaque-da-semana"],"_links":{"self":[{"href":"https:\/\/diarioregionaldigital.com.br\/index.php?rest_route=\/wp\/v2\/posts\/190355","targetHints":{"allow":["GET"]}}],"collection":[{"href":"https:\/\/diarioregionaldigital.com.br\/index.php?rest_route=\/wp\/v2\/posts"}],"about":[{"href":"https:\/\/diarioregionaldigital.com.br\/index.php?rest_route=\/wp\/v2\/types\/post"}],"author":[{"embeddable":true,"href":"https:\/\/diarioregionaldigital.com.br\/index.php?rest_route=\/wp\/v2\/users\/246"}],"replies":[{"embeddable":true,"href":"https:\/\/diarioregionaldigital.com.br\/index.php?rest_route=%2Fwp%2Fv2%2Fcomments&post=190355"}],"version-history":[{"count":1,"href":"https:\/\/diarioregionaldigital.com.br\/index.php?rest_route=\/wp\/v2\/posts\/190355\/revisions"}],"predecessor-version":[{"id":190357,"href":"https:\/\/diarioregionaldigital.com.br\/index.php?rest_route=\/wp\/v2\/posts\/190355\/revisions\/190357"}],"wp:featuredmedia":[{"embeddable":true,"href":"https:\/\/diarioregionaldigital.com.br\/index.php?rest_route=\/wp\/v2\/media\/190356"}],"wp:attachment":[{"href":"https:\/\/diarioregionaldigital.com.br\/index.php?rest_route=%2Fwp%2Fv2%2Fmedia&parent=190355"}],"wp:term":[{"taxonomy":"category","embeddable":true,"href":"https:\/\/diarioregionaldigital.com.br\/index.php?rest_route=%2Fwp%2Fv2%2Fcategories&post=190355"},{"taxonomy":"post_tag","embeddable":true,"href":"https:\/\/diarioregionaldigital.com.br\/index.php?rest_route=%2Fwp%2Fv2%2Ftags&post=190355"}],"curies":[{"name":"wp","href":"https:\/\/api.w.org\/{rel}","templated":true}]}}