{"id":190352,"date":"2021-10-28T16:59:39","date_gmt":"2021-10-28T19:59:39","guid":{"rendered":"https:\/\/diarioregionaldigital.com.br\/?p=190352"},"modified":"2021-10-28T16:59:39","modified_gmt":"2021-10-28T19:59:39","slug":"defesa-civil-inicia-capacitacao-de-moradores-do-santa-luzia-atraves-do-nupdec","status":"publish","type":"post","link":"https:\/\/diarioregionaldigital.com.br\/?p=190352","title":{"rendered":"Defesa Civil inicia capacita\u00e7\u00e3o de moradores do Santa Luzia atrav\u00e9s do Nupdec"},"content":{"rendered":"<div id=\"box_texto_noticia\">A Defesa Civil de Juiz Fora, sob coordena\u00e7\u00e3o da Secretaria de Governo (SG), realiza mais uma forma\u00e7\u00e3o de N\u00facleo Comunit\u00e1rio de Prote\u00e7\u00e3o e Defesa Civil (Nupdec). Os moradores do bairro Santa Luzia ser\u00e3o capacitados para contribuir voluntariamente com a\u00e7\u00f5es de preven\u00e7\u00e3o para a sua regi\u00e3o. Os encontros acontecem semanalmente, \u00e0s quintas, a partir das 19h, no Olaria, ao lado do posto policial.<\/p>\n<p>Segundo informa\u00e7\u00f5es do site da Prefeitura de Juiz de Fora, no \u00faltimo Nupdec, realizado no bairro Graminha, foi bem recebido na comunidade e, por isso, os servidores da Defesa Civil est\u00e3o com boas expectativas para a forma\u00e7\u00e3o no Santa Luzia. \u201cO Nupdec no Graminha deu um g\u00e1s. Os moradores elogiaram e ficaram muito satisfeitos. Eles passaram a enxergar o trabalho da prefeitura com outro olhar\u201d, comenta a engenheira e supervisora de Voluntariado e Educa\u00e7\u00e3o Preventiva da Defesa Civil, Aline Gasparoni.<\/p>\n<p>A programa\u00e7\u00e3o prev\u00ea a realiza\u00e7\u00e3o de oito m\u00f3dulos. Para iniciar a capacita\u00e7\u00e3o, nesta quinta-feira, 28, o Departamento de Preven\u00e7\u00e3o de Atividades Intersetoriais (Dpai) apresentar\u00e1 o projeto, explicando os objetivos, no\u00e7\u00f5es do trabalho de voluntariado e a import\u00e2ncia da comunica\u00e7\u00e3o em grupo. Ser\u00e3o distribu\u00eddos kits, que cont\u00eam caderneta, caneta, \u00e1lcool em gel e m\u00e1scara. O espa\u00e7o conta com protocolos de biosseguran\u00e7a, como uso de m\u00e1scaras obrigat\u00f3rio, distanciamento m\u00ednimo de 1,5 m, e ambiente arejado.<\/p>\n<p>O Nupdec visa a habilitar com no\u00e7\u00f5es de defesa e preven\u00e7\u00e3o, para que os moradores criem percep\u00e7\u00f5es de risco da sua regi\u00e3o atrav\u00e9s de orienta\u00e7\u00f5es e treinamentos. No entanto, esta atividade \u00e9 realizada para que, tamb\u00e9m, a comunidade sinta-se acolhida e mais pr\u00f3xima \u00e0 Prefeitura. \u201c\u00c9 importante para que os habitantes da regi\u00e3o conhe\u00e7am outros servi\u00e7os oferecidos e participem efetivamente da constru\u00e7\u00e3o da cidade\u201d, ressalta a assistente social e supervisora de servi\u00e7o social, Tamara Duarte. Ap\u00f3s as forma\u00e7\u00f5es, \u00e9 criado um v\u00ednculo entre a institui\u00e7\u00e3o e a comunidade, a fim de dar continuidade ao trabalho realizado. O prop\u00f3sito \u00e9 expandir este trabalho para todas as regi\u00f5es de Juiz de Fora.<\/p><\/div>\n<p>&nbsp;<\/p>\n<div id=\"box_compartilhar\" align=\"right\"><\/div>\n","protected":false},"excerpt":{"rendered":"<p>A Defesa Civil de Juiz Fora, sob coordena\u00e7\u00e3o da Secretaria de Governo (SG), realiza mais uma forma\u00e7\u00e3o de N\u00facleo Comunit\u00e1rio de Prote\u00e7\u00e3o e Defesa Civil (Nupdec). Os moradores do bairro Santa Luzia ser\u00e3o capacitados para contribuir voluntariamente com a\u00e7\u00f5es de preven\u00e7\u00e3o para a sua regi\u00e3o. Os encontros acontecem semanalmente, \u00e0s quintas, a partir das 19h, [&hellip;]<\/p>\n","protected":false},"author":246,"featured_media":190353,"comment_status":"closed","ping_status":"closed","sticky":false,"template":"","format":"standard","meta":{"footnotes":""},"categories":[253,436,440],"tags":[],"class_list":["post-190352","post","type-post","status-publish","format-standard","has-post-thumbnail","hentry","category-cidade","category-destaque-da-semana","category-destaques-do-dia"],"_links":{"self":[{"href":"https:\/\/diarioregionaldigital.com.br\/index.php?rest_route=\/wp\/v2\/posts\/190352","targetHints":{"allow":["GET"]}}],"collection":[{"href":"https:\/\/diarioregionaldigital.com.br\/index.php?rest_route=\/wp\/v2\/posts"}],"about":[{"href":"https:\/\/diarioregionaldigital.com.br\/index.php?rest_route=\/wp\/v2\/types\/post"}],"author":[{"embeddable":true,"href":"https:\/\/diarioregionaldigital.com.br\/index.php?rest_route=\/wp\/v2\/users\/246"}],"replies":[{"embeddable":true,"href":"https:\/\/diarioregionaldigital.com.br\/index.php?rest_route=%2Fwp%2Fv2%2Fcomments&post=190352"}],"version-history":[{"count":1,"href":"https:\/\/diarioregionaldigital.com.br\/index.php?rest_route=\/wp\/v2\/posts\/190352\/revisions"}],"predecessor-version":[{"id":190354,"href":"https:\/\/diarioregionaldigital.com.br\/index.php?rest_route=\/wp\/v2\/posts\/190352\/revisions\/190354"}],"wp:featuredmedia":[{"embeddable":true,"href":"https:\/\/diarioregionaldigital.com.br\/index.php?rest_route=\/wp\/v2\/media\/190353"}],"wp:attachment":[{"href":"https:\/\/diarioregionaldigital.com.br\/index.php?rest_route=%2Fwp%2Fv2%2Fmedia&parent=190352"}],"wp:term":[{"taxonomy":"category","embeddable":true,"href":"https:\/\/diarioregionaldigital.com.br\/index.php?rest_route=%2Fwp%2Fv2%2Fcategories&post=190352"},{"taxonomy":"post_tag","embeddable":true,"href":"https:\/\/diarioregionaldigital.com.br\/index.php?rest_route=%2Fwp%2Fv2%2Ftags&post=190352"}],"curies":[{"name":"wp","href":"https:\/\/api.w.org\/{rel}","templated":true}]}}