{"id":190349,"date":"2021-10-28T16:53:46","date_gmt":"2021-10-28T19:53:46","guid":{"rendered":"https:\/\/diarioregionaldigital.com.br\/?p=190349"},"modified":"2021-10-28T16:53:46","modified_gmt":"2021-10-28T19:53:46","slug":"barca-escolhe-barjuan-como-tecnico-interino-apos-demissao-de-koeman","status":"publish","type":"post","link":"https:\/\/diarioregionaldigital.com.br\/?p=190349","title":{"rendered":"Bar\u00e7a escolhe Barjuan como t\u00e9cnico interino ap\u00f3s demiss\u00e3o de Koeman"},"content":{"rendered":"<p>O Barcelona escolheu Sergi Barjuan, treinador de seu time &#8220;B&#8221;, como t\u00e9cnico interino ap\u00f3s a sa\u00edda de Ronald Koeman, informou o time espanhol em um comunicado nesta quinta-feira (27).<\/p>\n<p>O holand\u00eas Koeman foi demitido depois da derrota de 1 a 0 para o Rayo Vallecano nesta quarta-feira (27), sua quarta em seis jogos em todas as competi\u00e7\u00f5es.<\/p>\n<p>&#8220;(Barjuan) assumir\u00e1 o comando tempor\u00e1rio da administra\u00e7\u00e3o t\u00e9cnica do elenco principal. Sua posi\u00e7\u00e3o interina como t\u00e9cnico do time principal terminar\u00e1 assim que o clube tiver contratado um t\u00e9cnico de per\u00edodo integral para substituir o demitido Ronald Koeman&#8221;, disse o time em um comunicado.<\/p>\n<p>O ex-meio-campista Xavi, que teve uma carreira de 17 anos repleta de trof\u00e9us no Bar\u00e7a e atualmente treina o time catari Al Sadd, \u00e9 visto por muitos como um nome prov\u00e1vel para assumir o time de forma permanente.<\/p>\n<p>O\u00a0Barcelona\u00a0disse que o presidente Joan Laporta apresentar\u00e1 Barjuan oficialmente ao time principal ainda nesta quinta-feira (28) no campo de treinamento Ciutat Esportiva.<\/p>\n<p>Barjuan ser\u00e1 apresentado \u00e0 m\u00eddia na sexta-feira (29), e depois se concentrar\u00e1 na tarefa de preparar a equipe para o confronto com o Alav\u00e9s pela liga espanhola, no qual o clube catal\u00e3o tentar\u00e1 evitar uma terceira derrota seguida no campeonato.<\/p>\n<p>O time est\u00e1 na nona coloca\u00e7\u00e3o com 15 pontos em 10 jogos, e na Liga dos Campe\u00f5es enfrenta uma partida crucial fora de casa contra o Dynamo de Kiev no dia 2 de novembro, no qual perder criaria o risco s\u00e9rio de n\u00e3o chegar \u00e0 pr\u00f3xima fase.<\/p>\n<p><span style=\"font-weight: 400;\">Fonte: Ag\u00eancia Brasil <\/span><\/p>\n","protected":false},"excerpt":{"rendered":"<p>O Barcelona escolheu Sergi Barjuan, treinador de seu time &#8220;B&#8221;, como t\u00e9cnico interino ap\u00f3s a sa\u00edda de Ronald Koeman, informou o time espanhol em um comunicado nesta quinta-feira (27). O holand\u00eas Koeman foi demitido depois da derrota de 1 a 0 para o Rayo Vallecano nesta quarta-feira (27), sua quarta em seis jogos em todas [&hellip;]<\/p>\n","protected":false},"author":246,"featured_media":190350,"comment_status":"closed","ping_status":"closed","sticky":false,"template":"","format":"standard","meta":{"footnotes":""},"categories":[436,257],"tags":[],"class_list":["post-190349","post","type-post","status-publish","format-standard","has-post-thumbnail","hentry","category-destaque-da-semana","category-esporte"],"_links":{"self":[{"href":"https:\/\/diarioregionaldigital.com.br\/index.php?rest_route=\/wp\/v2\/posts\/190349","targetHints":{"allow":["GET"]}}],"collection":[{"href":"https:\/\/diarioregionaldigital.com.br\/index.php?rest_route=\/wp\/v2\/posts"}],"about":[{"href":"https:\/\/diarioregionaldigital.com.br\/index.php?rest_route=\/wp\/v2\/types\/post"}],"author":[{"embeddable":true,"href":"https:\/\/diarioregionaldigital.com.br\/index.php?rest_route=\/wp\/v2\/users\/246"}],"replies":[{"embeddable":true,"href":"https:\/\/diarioregionaldigital.com.br\/index.php?rest_route=%2Fwp%2Fv2%2Fcomments&post=190349"}],"version-history":[{"count":1,"href":"https:\/\/diarioregionaldigital.com.br\/index.php?rest_route=\/wp\/v2\/posts\/190349\/revisions"}],"predecessor-version":[{"id":190351,"href":"https:\/\/diarioregionaldigital.com.br\/index.php?rest_route=\/wp\/v2\/posts\/190349\/revisions\/190351"}],"wp:featuredmedia":[{"embeddable":true,"href":"https:\/\/diarioregionaldigital.com.br\/index.php?rest_route=\/wp\/v2\/media\/190350"}],"wp:attachment":[{"href":"https:\/\/diarioregionaldigital.com.br\/index.php?rest_route=%2Fwp%2Fv2%2Fmedia&parent=190349"}],"wp:term":[{"taxonomy":"category","embeddable":true,"href":"https:\/\/diarioregionaldigital.com.br\/index.php?rest_route=%2Fwp%2Fv2%2Fcategories&post=190349"},{"taxonomy":"post_tag","embeddable":true,"href":"https:\/\/diarioregionaldigital.com.br\/index.php?rest_route=%2Fwp%2Fv2%2Ftags&post=190349"}],"curies":[{"name":"wp","href":"https:\/\/api.w.org\/{rel}","templated":true}]}}