{"id":190345,"date":"2021-10-28T16:51:41","date_gmt":"2021-10-28T19:51:41","guid":{"rendered":"https:\/\/diarioregionaldigital.com.br\/?p=190345"},"modified":"2021-10-28T16:51:41","modified_gmt":"2021-10-28T19:51:41","slug":"atletico-mg-se-garante-na-final-da-copa-do-brasil","status":"publish","type":"post","link":"https:\/\/diarioregionaldigital.com.br\/?p=190345","title":{"rendered":"Atl\u00e9tico-MG se garante na final da Copa do Brasil"},"content":{"rendered":"<p>O Atl\u00e9tico-MG est\u00e1 na final da Copa do Brasil. O Galo avan\u00e7ou para a grande decis\u00e3o da competi\u00e7\u00e3o ap\u00f3s derrotar o Fortaleza por 2 a 1, na noite desta quarta-feira (27) no est\u00e1dio do Castel\u00e3o. O time comandado pelo t\u00e9cnico Cuca chegou com grande favoritismo \u00e0 partida desta noite, ap\u00f3s golear o Tricolor do Pici por 4 a 0 na \u00faltima semana.<img decoding=\"async\" src=\"https:\/\/agenciabrasil.ebc.com.br\/ebc.png?id=1425891&amp;o=node\" \/><img decoding=\"async\" src=\"https:\/\/agenciabrasil.ebc.com.br\/ebc.gif?id=1425891&amp;o=node\" \/><\/p>\n<p>O l\u00edder do Campeonato Brasileiro enfrenta o Athletico-PR na grande decis\u00e3o.\u00a0<a href=\"https:\/\/agenciabrasil.ebc.com.br\/esportes\/noticia\/2021-10\/copa-do-brasil-athletico-pr-bate-flamengo-no-maracana-e-esta-na-final\">O Furac\u00e3o garantiu a sua vaga na decis\u00e3o ap\u00f3s derrotar o Flamengo por 3 a 0 nesta quarta no Maracan\u00e3<\/a>, ap\u00f3s um empate por 2 a 2 na ida.<\/p>\n<p>Dividido entre Copa do Brasil e Brasileiro o t\u00e9cnico Cuca aproveitou a ampla vantagem obtida nas semifinais para poupar pe\u00e7as importantes, como o atacante Hulk (que come\u00e7ou no banco) e o meio-campista Nacho Fern\u00e1ndez.<\/p>\n<p>Por\u00e9m, mesmo com uma equipe alternativa o Atl\u00e9tico-MG foi superior e venceu. O Galo abriu o placar com Diego Costa aos 13 minutos do segundo tempo. O camisa 19 fez um bonito gol ap\u00f3s receber lan\u00e7amento, se livrar da marca\u00e7\u00e3o na velocidade e bater para superar Marcelo Boeck.<\/p>\n<p>O time mineiro ampliou aos 38 minutos, com Hulk em cobran\u00e7a de p\u00eanalti. Com este gol o atacante se tornou o artilheiro isolado da competi\u00e7\u00e3o com 6 gols. O Fortaleza ainda chegou a descontar com Romarinho aos 44 minutos, mas a vaga ficou mesmo com o Galo.<\/p>\n<p>Ap\u00f3s alcan\u00e7ar a decis\u00e3o da Copa do Brasil, o Atl\u00e9tico-MG pega o Flamengo no s\u00e1bado (30) pelo Brasileiro. No mesmo dia o Fortaleza visita o Am\u00e9rica-MG no Independ\u00eancia.<\/p>\n<p><span style=\"font-weight: 400;\">Fonte: Ag\u00eancia Brasil <\/span><\/p>\n","protected":false},"excerpt":{"rendered":"<p>O Atl\u00e9tico-MG est\u00e1 na final da Copa do Brasil. O Galo avan\u00e7ou para a grande decis\u00e3o da competi\u00e7\u00e3o ap\u00f3s derrotar o Fortaleza por 2 a 1, na noite desta quarta-feira (27) no est\u00e1dio do Castel\u00e3o. O time comandado pelo t\u00e9cnico Cuca chegou com grande favoritismo \u00e0 partida desta noite, ap\u00f3s golear o Tricolor do Pici [&hellip;]<\/p>\n","protected":false},"author":246,"featured_media":190346,"comment_status":"closed","ping_status":"closed","sticky":false,"template":"","format":"standard","meta":{"footnotes":""},"categories":[436,257],"tags":[],"class_list":["post-190345","post","type-post","status-publish","format-standard","has-post-thumbnail","hentry","category-destaque-da-semana","category-esporte"],"_links":{"self":[{"href":"https:\/\/diarioregionaldigital.com.br\/index.php?rest_route=\/wp\/v2\/posts\/190345","targetHints":{"allow":["GET"]}}],"collection":[{"href":"https:\/\/diarioregionaldigital.com.br\/index.php?rest_route=\/wp\/v2\/posts"}],"about":[{"href":"https:\/\/diarioregionaldigital.com.br\/index.php?rest_route=\/wp\/v2\/types\/post"}],"author":[{"embeddable":true,"href":"https:\/\/diarioregionaldigital.com.br\/index.php?rest_route=\/wp\/v2\/users\/246"}],"replies":[{"embeddable":true,"href":"https:\/\/diarioregionaldigital.com.br\/index.php?rest_route=%2Fwp%2Fv2%2Fcomments&post=190345"}],"version-history":[{"count":2,"href":"https:\/\/diarioregionaldigital.com.br\/index.php?rest_route=\/wp\/v2\/posts\/190345\/revisions"}],"predecessor-version":[{"id":190348,"href":"https:\/\/diarioregionaldigital.com.br\/index.php?rest_route=\/wp\/v2\/posts\/190345\/revisions\/190348"}],"wp:featuredmedia":[{"embeddable":true,"href":"https:\/\/diarioregionaldigital.com.br\/index.php?rest_route=\/wp\/v2\/media\/190346"}],"wp:attachment":[{"href":"https:\/\/diarioregionaldigital.com.br\/index.php?rest_route=%2Fwp%2Fv2%2Fmedia&parent=190345"}],"wp:term":[{"taxonomy":"category","embeddable":true,"href":"https:\/\/diarioregionaldigital.com.br\/index.php?rest_route=%2Fwp%2Fv2%2Fcategories&post=190345"},{"taxonomy":"post_tag","embeddable":true,"href":"https:\/\/diarioregionaldigital.com.br\/index.php?rest_route=%2Fwp%2Fv2%2Ftags&post=190345"}],"curies":[{"name":"wp","href":"https:\/\/api.w.org\/{rel}","templated":true}]}}