{"id":190342,"date":"2021-10-28T16:47:25","date_gmt":"2021-10-28T19:47:25","guid":{"rendered":"https:\/\/diarioregionaldigital.com.br\/?p=190342"},"modified":"2021-10-28T16:47:25","modified_gmt":"2021-10-28T19:47:25","slug":"barbara-domingos-se-classifica-a-final-do-mundial-de-ginastica-ritmica","status":"publish","type":"post","link":"https:\/\/diarioregionaldigital.com.br\/?p=190342","title":{"rendered":"B\u00e1rbara Domingos se classifica \u00e0 final do Mundial de Gin\u00e1stica R\u00edtmica"},"content":{"rendered":"<p>A curitibana B\u00e1rbara Domingos colocou o Brasil, pela primeira vez na hist\u00f3ria,\u00a0em uma final individual geral do Mundial de Gin\u00e1stica R\u00edtmica. Na manh\u00e3 desta quinta-feira (28) , a atleta garantiu presen\u00e7a na final da competi\u00e7\u00e3o, na cidade de Kitakyushu (Jap\u00e3o) ao totalizar 69,800 nos quatros aparelhos (arco, bola, fita e\u00a0 ma\u00e7as). B\u00e1rbara conseguiu o melhor resultado de uma competidora das Am\u00e9ricas no evento.. A segunda posi\u00e7\u00e3o ficou a norte-americana\u00a0Evita Griskenas (63,000).\u00a0A final do individual geral est\u00e1 programada para as 2h30 (hor\u00e1rio de\u00a0Bras\u00edlia), de s\u00e1bado (30).\u00a0<img decoding=\"async\" src=\"https:\/\/agenciabrasil.ebc.com.br\/ebc.png?id=1425925&amp;o=node\" \/><img decoding=\"async\" src=\"https:\/\/agenciabrasil.ebc.com.br\/ebc.gif?id=1425925&amp;o=node\" \/><\/p>\n<p>\u201cEstou me sentindo muito feliz. N\u00e3o me caiu a ficha ainda a respeito da import\u00e2ncia desse resultado. \u00c9 tudo muito novo, mas tenho a certeza de que isso \u00e9 resultado de um trabalho muito intenso nosso. N\u00e3o s\u00f3 meu, mas de toda uma equipe t\u00e9cnica atr\u00e1s de mim. Sem eles, com certeza n\u00e3o estaria no n\u00edvel em que estou hoje. Querendo ou n\u00e3o, estar entre as 18 melhores do mundo&#8230;.n\u00e3o tem o que dizer!\u201d, disse a ginasta, em depoimento \u00e0 Confedera\u00e7\u00e3o Brasileira de Gin\u00e1stica (CBG), que ficou em 13\u00ba lugar entre 18 classificadas \u00e0 disputa de medalhas.<\/p>\n<p>Hoje (28), B\u00e1rbara brilhou na exibi\u00e7\u00e3o com fita, cuja coreografia como samba resultou em nota 20,500. Na sequ\u00eancia, na apresenta\u00e7\u00e3o com ma\u00e7as, conseguiu 22,500. As notas foram somadas \u00e0s obtidas ontem (27), no primeiro dia de provas: a curitibana alcan\u00e7ou 23,550 com arco e 23,750 com bola.<\/p>\n<p>O melhor resultado do Brasil em Mundiais havia sido da pr\u00f3pria atleta, 31\u00aa posi\u00e7\u00e3o, na edi\u00e7\u00e3o de 2019.<\/p>\n<p>Outros resultados<br \/>\nOutra brasileira, Ana Luisa Neiva, ficou na 35\u00aa posi\u00e7\u00e3o na disputa individual do Mundial de Kitakyushu no Jap\u00e3o. A brasiliense, que competiu pela primeira vez em Mundiais, totalizou 60,900 com as seguinte notas: arco (20,900), bola (22,150), ma\u00e7as (17,850) e fita (17,200).<\/p>\n<p>A sele\u00e7\u00e3o brasileira de conjunto em Kitakyushu conta com Beatriz Linhares, B\u00e1rbara Galv\u00e3o, Gabriella Coradine, Gabrielle Moraes da Silva, Maria Eduarda Arakaki, Nicole P\u00edrcio e Vit\u00f3ria Guerra.<\/p>\n<p>Programa\u00e7\u00e3o<br \/>\nsexta-feira (29)<br \/>\nA partir das 5h10 \u2013 qualifica\u00e7\u00e3o \u2013 conjunto \u2013 3 arcos e 2 pares de ma\u00e7as<br \/>\nA partir das 5h38 \u2013 qualifica\u00e7\u00e3o \u2013 conjunto \u2013 5 bolas<\/p>\n<p>domingo (31)<br \/>\nA partir das 5h33 \u2013 final \u2013 conjunto \u2013 5 bolas<br \/>\nA partir das 6h23 \u2013 final \u2013 conjunto \u2013 3 arcos e 2 pares de ma\u00e7as<\/p>\n<p><span style=\"font-weight: 400;\">Fonte: Ag\u00eancia Brasil <\/span><\/p>\n","protected":false},"excerpt":{"rendered":"<p>A curitibana B\u00e1rbara Domingos colocou o Brasil, pela primeira vez na hist\u00f3ria,\u00a0em uma final individual geral do Mundial de Gin\u00e1stica R\u00edtmica. Na manh\u00e3 desta quinta-feira (28) , a atleta garantiu presen\u00e7a na final da competi\u00e7\u00e3o, na cidade de Kitakyushu (Jap\u00e3o) ao totalizar 69,800 nos quatros aparelhos (arco, bola, fita e\u00a0 ma\u00e7as). B\u00e1rbara conseguiu o melhor [&hellip;]<\/p>\n","protected":false},"author":246,"featured_media":190343,"comment_status":"closed","ping_status":"closed","sticky":false,"template":"","format":"standard","meta":{"footnotes":""},"categories":[436,257],"tags":[],"class_list":["post-190342","post","type-post","status-publish","format-standard","has-post-thumbnail","hentry","category-destaque-da-semana","category-esporte"],"_links":{"self":[{"href":"https:\/\/diarioregionaldigital.com.br\/index.php?rest_route=\/wp\/v2\/posts\/190342","targetHints":{"allow":["GET"]}}],"collection":[{"href":"https:\/\/diarioregionaldigital.com.br\/index.php?rest_route=\/wp\/v2\/posts"}],"about":[{"href":"https:\/\/diarioregionaldigital.com.br\/index.php?rest_route=\/wp\/v2\/types\/post"}],"author":[{"embeddable":true,"href":"https:\/\/diarioregionaldigital.com.br\/index.php?rest_route=\/wp\/v2\/users\/246"}],"replies":[{"embeddable":true,"href":"https:\/\/diarioregionaldigital.com.br\/index.php?rest_route=%2Fwp%2Fv2%2Fcomments&post=190342"}],"version-history":[{"count":1,"href":"https:\/\/diarioregionaldigital.com.br\/index.php?rest_route=\/wp\/v2\/posts\/190342\/revisions"}],"predecessor-version":[{"id":190344,"href":"https:\/\/diarioregionaldigital.com.br\/index.php?rest_route=\/wp\/v2\/posts\/190342\/revisions\/190344"}],"wp:featuredmedia":[{"embeddable":true,"href":"https:\/\/diarioregionaldigital.com.br\/index.php?rest_route=\/wp\/v2\/media\/190343"}],"wp:attachment":[{"href":"https:\/\/diarioregionaldigital.com.br\/index.php?rest_route=%2Fwp%2Fv2%2Fmedia&parent=190342"}],"wp:term":[{"taxonomy":"category","embeddable":true,"href":"https:\/\/diarioregionaldigital.com.br\/index.php?rest_route=%2Fwp%2Fv2%2Fcategories&post=190342"},{"taxonomy":"post_tag","embeddable":true,"href":"https:\/\/diarioregionaldigital.com.br\/index.php?rest_route=%2Fwp%2Fv2%2Ftags&post=190342"}],"curies":[{"name":"wp","href":"https:\/\/api.w.org\/{rel}","templated":true}]}}