{"id":190333,"date":"2021-10-28T16:23:04","date_gmt":"2021-10-28T19:23:04","guid":{"rendered":"https:\/\/diarioregionaldigital.com.br\/?p=190333"},"modified":"2021-10-28T16:23:04","modified_gmt":"2021-10-28T19:23:04","slug":"presidente-sanciona-lei-que-prorroga-isencoes-do-icms-por-15-anos","status":"publish","type":"post","link":"https:\/\/diarioregionaldigital.com.br\/?p=190333","title":{"rendered":"Presidente sanciona lei que prorroga isen\u00e7\u00f5es do ICMS por 15 anos"},"content":{"rendered":"<p>O presidente Jair Bolsonaro sancionou nesta quarta-feira (27) um Projeto de Lei Complementar (PLP) que prorroga por 15 anos benef\u00edcios fiscais concedidos por estados para setores do com\u00e9rcio. O projeto\u00a0<a href=\"https:\/\/agenciabrasil.ebc.com.br\/politica\/noticia\/2021-10\/senado-aprova-prorrogacao-de-beneficios-fiscais-setores-do-comercio\" target=\"_blank\" rel=\"noopener\">j\u00e1 passou\u00a0por an\u00e1lise do Congresso Nacional<\/a>\u00a0e agora entrar\u00e1 em vigor.\u00a0<img decoding=\"async\" src=\"https:\/\/agenciabrasil.ebc.com.br\/ebc.png?id=1425886&amp;o=node\" \/><img decoding=\"async\" src=\"https:\/\/agenciabrasil.ebc.com.br\/ebc.gif?id=1425886&amp;o=node\" \/><\/p>\n<p>O texto prev\u00ea a prorroga\u00e7\u00e3o de benef\u00edcios no Imposto sobre a Circula\u00e7\u00e3o de Mercadorias e Servi\u00e7os (ICMS) para os setores de com\u00e9rcio atacadista e empresas que desenvolvem atividades portu\u00e1rias e aeroportu\u00e1rias. Al\u00e9m disso, podem ser beneficiados comerciantes e transportadores interestaduais de produtos agropecu\u00e1rios e extrativos vegetais in natura.<\/p>\n<p>O objetivo desses benef\u00edcios fiscais \u00e9, na pr\u00e1tica, atrair empresas e estimular investimentos. A nova lei prev\u00ea uma redu\u00e7\u00e3o gradual dos benef\u00edcios prorrogados ao longo dos \u00faltimos quatro anos dos 15 previstos. Apenas o setor de vendas de produtos agropecu\u00e1rios e extrativos vegetais in natura ficam de fora dessa redu\u00e7\u00e3o.<\/p>\n<p>A lei d\u00e1 respaldo aos benef\u00edcios concedidos pelos estados e pelo Distrito Federal por meio de normas internas, mas sem aval do Conselho Nacional de Pol\u00edtica Fazend\u00e1ria (Confaz), epis\u00f3dio que ficou conhecido como \u201cguerra fiscal\u201d de ICMS.<\/p>\n<p>&#8220;A medida, ao facultar aos estados e ao Distrito Federal a amplia\u00e7\u00e3o do prazo de frui\u00e7\u00e3o de incentivos fiscais relativos ao ICMS, n\u00e3o apenas tem o potencial de beneficiar setores relativos \u00e0 distribui\u00e7\u00e3o de mercadorias e de produtos agropecu\u00e1rios e extrativos de vegetais, importantes para a economia como um todo, mas tamb\u00e9m permite a amplia\u00e7\u00e3o do consumo com a redu\u00e7\u00e3o de pre\u00e7os de itens essenciais ao destinat\u00e1rio final pela dilui\u00e7\u00e3o da carga tribut\u00e1ria&#8221;, informou a Secretaria-Geral da Presid\u00eancia em comunicado para anunciar a san\u00e7\u00e3o.<\/p>\n<p><span style=\"font-weight: 400;\">Fonte: Ag\u00eancia Brasil <\/span><\/p>\n","protected":false},"excerpt":{"rendered":"<p>O presidente Jair Bolsonaro sancionou nesta quarta-feira (27) um Projeto de Lei Complementar (PLP) que prorroga por 15 anos benef\u00edcios fiscais concedidos por estados para setores do com\u00e9rcio. O projeto\u00a0j\u00e1 passou\u00a0por an\u00e1lise do Congresso Nacional\u00a0e agora entrar\u00e1 em vigor.\u00a0 O texto prev\u00ea a prorroga\u00e7\u00e3o de benef\u00edcios no Imposto sobre a Circula\u00e7\u00e3o de Mercadorias e Servi\u00e7os [&hellip;]<\/p>\n","protected":false},"author":246,"featured_media":190334,"comment_status":"closed","ping_status":"closed","sticky":false,"template":"","format":"standard","meta":{"footnotes":""},"categories":[436,254],"tags":[],"class_list":["post-190333","post","type-post","status-publish","format-standard","has-post-thumbnail","hentry","category-destaque-da-semana","category-politica"],"_links":{"self":[{"href":"https:\/\/diarioregionaldigital.com.br\/index.php?rest_route=\/wp\/v2\/posts\/190333","targetHints":{"allow":["GET"]}}],"collection":[{"href":"https:\/\/diarioregionaldigital.com.br\/index.php?rest_route=\/wp\/v2\/posts"}],"about":[{"href":"https:\/\/diarioregionaldigital.com.br\/index.php?rest_route=\/wp\/v2\/types\/post"}],"author":[{"embeddable":true,"href":"https:\/\/diarioregionaldigital.com.br\/index.php?rest_route=\/wp\/v2\/users\/246"}],"replies":[{"embeddable":true,"href":"https:\/\/diarioregionaldigital.com.br\/index.php?rest_route=%2Fwp%2Fv2%2Fcomments&post=190333"}],"version-history":[{"count":1,"href":"https:\/\/diarioregionaldigital.com.br\/index.php?rest_route=\/wp\/v2\/posts\/190333\/revisions"}],"predecessor-version":[{"id":190335,"href":"https:\/\/diarioregionaldigital.com.br\/index.php?rest_route=\/wp\/v2\/posts\/190333\/revisions\/190335"}],"wp:featuredmedia":[{"embeddable":true,"href":"https:\/\/diarioregionaldigital.com.br\/index.php?rest_route=\/wp\/v2\/media\/190334"}],"wp:attachment":[{"href":"https:\/\/diarioregionaldigital.com.br\/index.php?rest_route=%2Fwp%2Fv2%2Fmedia&parent=190333"}],"wp:term":[{"taxonomy":"category","embeddable":true,"href":"https:\/\/diarioregionaldigital.com.br\/index.php?rest_route=%2Fwp%2Fv2%2Fcategories&post=190333"},{"taxonomy":"post_tag","embeddable":true,"href":"https:\/\/diarioregionaldigital.com.br\/index.php?rest_route=%2Fwp%2Fv2%2Ftags&post=190333"}],"curies":[{"name":"wp","href":"https:\/\/api.w.org\/{rel}","templated":true}]}}