{"id":190330,"date":"2021-10-28T16:19:35","date_gmt":"2021-10-28T19:19:35","guid":{"rendered":"https:\/\/diarioregionaldigital.com.br\/?p=190330"},"modified":"2021-10-28T16:19:35","modified_gmt":"2021-10-28T19:19:35","slug":"tse-retoma-julgamento-de-acao-que-pede-cassacao-da-chapa-presidencial","status":"publish","type":"post","link":"https:\/\/diarioregionaldigital.com.br\/?p=190330","title":{"rendered":"TSE retoma julgamento de a\u00e7\u00e3o que pede cassa\u00e7\u00e3o da chapa presidencial"},"content":{"rendered":"<p>O Tribunal Superior Eleitoral (TSE) retoma hoje (28), \u00e0s 9h, o julgamento de duas a\u00e7\u00f5es que pedem a cassa\u00e7\u00e3o da chapa vencedora das elei\u00e7\u00f5es de 2018, formada pelo presidente Jair Bolsonaro e o vice-presidente, Hamilton Mour\u00e3o. At\u00e9 o momento, tr\u00eas dos sete ministros da Corte votaram contra a cassa\u00e7\u00e3o.<img decoding=\"async\" src=\"https:\/\/agenciabrasil.ebc.com.br\/ebc.png?id=1425896&amp;o=node\" \/><img decoding=\"async\" src=\"https:\/\/agenciabrasil.ebc.com.br\/ebc.gif?id=1425896&amp;o=node\" \/><\/p>\n<p>O julgamento de duas a\u00e7\u00f5es protocoladas pela coliga\u00e7\u00e3o formada pelo PT, PCdoB e PROS teve in\u00edcio na ter\u00e7a-feira (26). As legendas pedem a cassa\u00e7\u00e3o da chapa formada por Bolsonaro e Mour\u00e3o pelo suposto cometimento de abuso de poder econ\u00f4mico e uso indevido dos meios de comunica\u00e7\u00e3o. De acordo com os tr\u00eas partidos, teria ocorrido o impulsionamento ilegal de mensagens pelo WhatsApp durante a campanha eleitoral de 2018.<\/p>\n<p>Est\u00e1 prevalecendo o voto do relator, ministro Lu\u00eds Felipe Salom\u00e3o. Ele reconheceu que houve uso da ferramenta para \u201cminar indevidamente candidaturas advers\u00e1rias\u201d, mas afirmou que faltam provas sobre o alcance dos disparos e a repercuss\u00e3o perante os eleitores.<\/p>\n<p>\u201cN\u00e3o h\u00e1 elementos que permitam afirmar, com seguran\u00e7a, a gravidade dos fatos, requisito imprescind\u00edvel para a caracteriza\u00e7\u00e3o do abuso de poder econ\u00f4mico e do uso indevido dos meios de comunica\u00e7\u00e3o social\u201d, disse Salom\u00e3o. O entendimento foi seguido pelos ministros Mauro Campbell e S\u00e9rgio Banhos.<\/p>\n<p><strong>Defesa<\/strong><\/p>\n<p>Durante o julgamento, a advogada Karina Kufa, representante de Bolsonaro, disse que as acusa\u00e7\u00f5es foram fundamentadas apenas em mat\u00e9rias jornal\u00edsticas, n\u00e3o sendo apresentadas provas que tenham rela\u00e7\u00e3o com a atua\u00e7\u00e3o da campanha.<\/p>\n<p>\u201cCom base em tudo o que est\u00e1 nos autos e a comprova\u00e7\u00e3o de que nada foi feito pela campanha de Jair Messias Bolsonaro e Hamilton Mour\u00e3o \u00e9 que a gente pleiteia a improced\u00eancia das a\u00e7\u00f5es\u201d, afirmou.<\/p>\n<p>Karina Fidelix, representante de Mour\u00e3o, tamb\u00e9m refor\u00e7ou a falta de comprova\u00e7\u00e3o das acusa\u00e7\u00f5es. De acordo com a advogada, \u201cn\u00e3o houve qualquer comprova\u00e7\u00e3o de abuso de poder econ\u00f4mico ou de abuso dos meios de comunica\u00e7\u00e3o pelos investigados\u201d.<\/p>\n<p><span style=\"font-weight: 400;\">Fonte: Ag\u00eancia Brasil <\/span><\/p>\n","protected":false},"excerpt":{"rendered":"<p>O Tribunal Superior Eleitoral (TSE) retoma hoje (28), \u00e0s 9h, o julgamento de duas a\u00e7\u00f5es que pedem a cassa\u00e7\u00e3o da chapa vencedora das elei\u00e7\u00f5es de 2018, formada pelo presidente Jair Bolsonaro e o vice-presidente, Hamilton Mour\u00e3o. At\u00e9 o momento, tr\u00eas dos sete ministros da Corte votaram contra a cassa\u00e7\u00e3o. O julgamento de duas a\u00e7\u00f5es protocoladas [&hellip;]<\/p>\n","protected":false},"author":246,"featured_media":190331,"comment_status":"closed","ping_status":"closed","sticky":false,"template":"","format":"standard","meta":{"footnotes":""},"categories":[436,254],"tags":[],"class_list":["post-190330","post","type-post","status-publish","format-standard","has-post-thumbnail","hentry","category-destaque-da-semana","category-politica"],"_links":{"self":[{"href":"https:\/\/diarioregionaldigital.com.br\/index.php?rest_route=\/wp\/v2\/posts\/190330","targetHints":{"allow":["GET"]}}],"collection":[{"href":"https:\/\/diarioregionaldigital.com.br\/index.php?rest_route=\/wp\/v2\/posts"}],"about":[{"href":"https:\/\/diarioregionaldigital.com.br\/index.php?rest_route=\/wp\/v2\/types\/post"}],"author":[{"embeddable":true,"href":"https:\/\/diarioregionaldigital.com.br\/index.php?rest_route=\/wp\/v2\/users\/246"}],"replies":[{"embeddable":true,"href":"https:\/\/diarioregionaldigital.com.br\/index.php?rest_route=%2Fwp%2Fv2%2Fcomments&post=190330"}],"version-history":[{"count":1,"href":"https:\/\/diarioregionaldigital.com.br\/index.php?rest_route=\/wp\/v2\/posts\/190330\/revisions"}],"predecessor-version":[{"id":190332,"href":"https:\/\/diarioregionaldigital.com.br\/index.php?rest_route=\/wp\/v2\/posts\/190330\/revisions\/190332"}],"wp:featuredmedia":[{"embeddable":true,"href":"https:\/\/diarioregionaldigital.com.br\/index.php?rest_route=\/wp\/v2\/media\/190331"}],"wp:attachment":[{"href":"https:\/\/diarioregionaldigital.com.br\/index.php?rest_route=%2Fwp%2Fv2%2Fmedia&parent=190330"}],"wp:term":[{"taxonomy":"category","embeddable":true,"href":"https:\/\/diarioregionaldigital.com.br\/index.php?rest_route=%2Fwp%2Fv2%2Fcategories&post=190330"},{"taxonomy":"post_tag","embeddable":true,"href":"https:\/\/diarioregionaldigital.com.br\/index.php?rest_route=%2Fwp%2Fv2%2Ftags&post=190330"}],"curies":[{"name":"wp","href":"https:\/\/api.w.org\/{rel}","templated":true}]}}