{"id":190326,"date":"2021-10-28T16:15:38","date_gmt":"2021-10-28T19:15:38","guid":{"rendered":"https:\/\/diarioregionaldigital.com.br\/?p=190326"},"modified":"2021-10-28T16:15:38","modified_gmt":"2021-10-28T19:15:38","slug":"cpi-entrega-relatorio-final-ao-tcu-e-a-procuradoria-da-republica-no-df","status":"publish","type":"post","link":"https:\/\/diarioregionaldigital.com.br\/?p=190326","title":{"rendered":"CPI entrega relat\u00f3rio final ao TCU e \u00e0 Procuradoria da Rep\u00fablica no DF"},"content":{"rendered":"<p>Os senadores Randolfe Rodrigues (Rede-AP), Renan Calheiros (MDB-AL), Omar Aziz (PSD-AM) e Humberto Costa (PT-PE) entregaram nesta quinta-feira (28) o relat\u00f3rio da Comiss\u00e3o Parlamentar de Inqu\u00e9rito (CPI) da Pandemia \u00e0 presidente do Tribunal de Contas da Uni\u00e3o (TCU), Ana Arraes. Os senadores agradeceram a ministra pela ajuda de t\u00e9cnicos do \u00f3rg\u00e3o que ficaram os \u00faltimos seis meses \u00e0 disposi\u00e7\u00e3o da CPI.<img decoding=\"async\" src=\"https:\/\/agenciabrasil.ebc.com.br\/ebc.png?id=1425938&amp;o=node\" \/><img decoding=\"async\" src=\"https:\/\/agenciabrasil.ebc.com.br\/ebc.gif?id=1425938&amp;o=node\" \/><\/p>\n<p>\u201cO TCU precisa avan\u00e7ar nas investiga\u00e7\u00f5es, uma delas, nos hospitais do Rio de Janeiro onde existem ind\u00edcios fort\u00edssimos de m\u00e1 conduta que precisam ser investigados. Como se trata de verbas federais, n\u00e3o tem \u00f3rg\u00e3o mais apropriado que o TCU para fazer isso. H\u00e1 esse compromisso da presidente do TCU\u201d, disse o presidente da comiss\u00e3o, senador Omar Aziz. Ele lembrou ainda que o ministro Vital do Rego, que \u00e9 ex-senador, hoje atua na na fiscaliza\u00e7\u00e3o da \u00e1rea de sa\u00fade na corte de contas.<\/p>\n<p>Outra expectativa da CPI, apontada no relat\u00f3rio, \u00e9 que TCU apure se houve interfer\u00eancia pol\u00edtica na Comiss\u00e3o Nacional de Incorpora\u00e7\u00e3o de Tecnologias no Sistema \u00danico de Sa\u00fade (Conitec), \u00f3rg\u00e3o consultivo do Minist\u00e9rio da Sa\u00fade, sobre a an\u00e1lise do kit covid.<\/p>\n<p>Al\u00e9m do TCU, a c\u00fapula da CPI entregou pela manh\u00e3 o relat\u00f3rio \u00e0 Procuradoria da Rep\u00fablica\u00a0do Distrito Federal. A programa\u00e7\u00e3o de hoje tamb\u00e9m prev\u00ea que o parecer seja levado \u00e0s 15h ao procurador-geral do Trabalho, Jos\u00e9 de Lima Ramos Pereira, e, \u00e0s 16h, ao presidente do Supremo Tribunal Federal, Luiz Fux.<\/p>\n<p><strong>Cr\u00edticas<\/strong><\/p>\n<p>Ontem (27) o documento foi entregue ao procurador-geral da Rep\u00fablica, Augusto Aras, ao ministro Alexandre Moraes, relator do inqu\u00e9rito das\u00a0<em>fakes news<\/em>\u00a0no Supremo, e ao presidente do Senado, Rodrigo Pacheco (PSD-MG). J\u00e1 o presidente da C\u00e2mara, Arthur Lira (PP-AL), que ainda n\u00e3o recebeu oficialmente dos senadores o parecer, classificou ontem mesmo como \u201cinaceit\u00e1vel\u201d o fato de o documento pedir o indiciamento de seis deputados federais &#8211; Ricardo Barros (PP-PR), Eduardo Bolsonaro (PSL-SP), Bia Kicis (PSL-DF), Carla Zambelli (PSL-SP), Osmar Terra (MDB-RS) e Carlos Jordy (PSL-RJ) &#8211;\u00a0<a href=\"https:\/\/agenciabrasil.ebc.com.br\/politica\/noticia\/2021-10\/lira-critica-cpi-da-pandemia-por-pedido-para-indiciamento-de-deputados\" target=\"_blank\" rel=\"noopener\">em um total de 80 alvos<\/a>.<\/p>\n<p>Hoje o relator da CPI, senador Renan Calheiros, rebateu as cr\u00edticas e destacou que o papel de um dos chefes do Legislativo \u00e9 defender a Casa, mas n\u00e3o a impunidade. \u201cN\u00e3o h\u00e1 como voc\u00ea aprofundar uma investiga\u00e7\u00e3o, detectar digitais de parlamentares e silenciar diante disso. O papel das CPIs \u00e9 exatamente o contr\u00e1rio\u201d, justificou.<\/p>\n<p>Para Renan, Lira deveria se preocupar mais com o que pode surgir da investiga\u00e7\u00e3o sobre as emendas de relator, chamado de &#8220;or\u00e7amento paralelo&#8221;, e que serve para ampliar a fatia de gastos sob controle de indica\u00e7\u00f5es de deputados e senadores aliados no Parlamento. \u201cEle [o presidente da C\u00e2mara] tem muita preocupa\u00e7\u00e3o com o que pode vir de investiga\u00e7\u00e3o, sobretudo em rela\u00e7\u00e3o ao RP-9, que s\u00e3o emendas secretas que ele coordena e isso vai causar, talvez, o maior esc\u00e2ndalo do Brasil\u201d, disse Calheiros.<\/p>\n<p><span style=\"font-weight: 400;\">Fonte: Ag\u00eancia Brasil <\/span><\/p>\n","protected":false},"excerpt":{"rendered":"<p>Os senadores Randolfe Rodrigues (Rede-AP), Renan Calheiros (MDB-AL), Omar Aziz (PSD-AM) e Humberto Costa (PT-PE) entregaram nesta quinta-feira (28) o relat\u00f3rio da Comiss\u00e3o Parlamentar de Inqu\u00e9rito (CPI) da Pandemia \u00e0 presidente do Tribunal de Contas da Uni\u00e3o (TCU), Ana Arraes. Os senadores agradeceram a ministra pela ajuda de t\u00e9cnicos do \u00f3rg\u00e3o que ficaram os \u00faltimos [&hellip;]<\/p>\n","protected":false},"author":246,"featured_media":190328,"comment_status":"closed","ping_status":"closed","sticky":false,"template":"","format":"standard","meta":{"footnotes":""},"categories":[436,440,254],"tags":[],"class_list":["post-190326","post","type-post","status-publish","format-standard","has-post-thumbnail","hentry","category-destaque-da-semana","category-destaques-do-dia","category-politica"],"_links":{"self":[{"href":"https:\/\/diarioregionaldigital.com.br\/index.php?rest_route=\/wp\/v2\/posts\/190326","targetHints":{"allow":["GET"]}}],"collection":[{"href":"https:\/\/diarioregionaldigital.com.br\/index.php?rest_route=\/wp\/v2\/posts"}],"about":[{"href":"https:\/\/diarioregionaldigital.com.br\/index.php?rest_route=\/wp\/v2\/types\/post"}],"author":[{"embeddable":true,"href":"https:\/\/diarioregionaldigital.com.br\/index.php?rest_route=\/wp\/v2\/users\/246"}],"replies":[{"embeddable":true,"href":"https:\/\/diarioregionaldigital.com.br\/index.php?rest_route=%2Fwp%2Fv2%2Fcomments&post=190326"}],"version-history":[{"count":1,"href":"https:\/\/diarioregionaldigital.com.br\/index.php?rest_route=\/wp\/v2\/posts\/190326\/revisions"}],"predecessor-version":[{"id":190329,"href":"https:\/\/diarioregionaldigital.com.br\/index.php?rest_route=\/wp\/v2\/posts\/190326\/revisions\/190329"}],"wp:featuredmedia":[{"embeddable":true,"href":"https:\/\/diarioregionaldigital.com.br\/index.php?rest_route=\/wp\/v2\/media\/190328"}],"wp:attachment":[{"href":"https:\/\/diarioregionaldigital.com.br\/index.php?rest_route=%2Fwp%2Fv2%2Fmedia&parent=190326"}],"wp:term":[{"taxonomy":"category","embeddable":true,"href":"https:\/\/diarioregionaldigital.com.br\/index.php?rest_route=%2Fwp%2Fv2%2Fcategories&post=190326"},{"taxonomy":"post_tag","embeddable":true,"href":"https:\/\/diarioregionaldigital.com.br\/index.php?rest_route=%2Fwp%2Fv2%2Ftags&post=190326"}],"curies":[{"name":"wp","href":"https:\/\/api.w.org\/{rel}","templated":true}]}}