{"id":190323,"date":"2021-10-28T16:08:28","date_gmt":"2021-10-28T19:08:28","guid":{"rendered":"https:\/\/diarioregionaldigital.com.br\/?p=190323"},"modified":"2021-10-28T16:08:28","modified_gmt":"2021-10-28T19:08:28","slug":"caixa-paga-auxilio-emergencial-a-nascidos-em-agosto","status":"publish","type":"post","link":"https:\/\/diarioregionaldigital.com.br\/?p=190323","title":{"rendered":"Caixa paga aux\u00edlio emergencial a nascidos em agosto"},"content":{"rendered":"<p>Trabalhadores informais nascidos em agosto recebem\u00a0hoje\u00a0(28) a s\u00e9tima parcela do aux\u00edlio emergencial em 2021. O benef\u00edcio tem\u00a0parcelas de R$ 150 a R$ 375, dependendo da fam\u00edlia.<img decoding=\"async\" src=\"https:\/\/agenciabrasil.ebc.com.br\/ebc.png?id=1425893&amp;o=node\" \/><img decoding=\"async\" src=\"https:\/\/agenciabrasil.ebc.com.br\/ebc.gif?id=1425893&amp;o=node\" \/><\/p>\n<p>O pagamento tamb\u00e9m ser\u00e1 feito a inscritos no Cadastro \u00danico de Programas Sociais do Governo Federal (Cad\u00danico) nascidos no mesmo m\u00eas. O dinheiro \u00e9\u00a0depositado nas contas poupan\u00e7a digitais e pode ser movimentado pelo aplicativo Caixa Tem. Somente de duas a tr\u00eas semanas ap\u00f3s o dep\u00f3sito, poder\u00e1 ser sacado em esp\u00e9cie ou transferido para uma conta corrente.<\/p>\n<p>Tamb\u00e9m\u00a0recebem hoje a s\u00e9tima parcela do aux\u00edlio emergencial os participantes no Bolsa Fam\u00edlia com N\u00famero de Inscri\u00e7\u00e3o Social (NIS) de final 9. As datas da\u00a0<a href=\"https:\/\/agenciabrasil.ebc.com.br\/economia\/noticia\/2021-08\/prorrogacao-do-auxilio-emergencial-comecara-ser-paga-no-dia-18\" target=\"_blank\" rel=\"noopener\">prorroga\u00e7\u00e3o do benef\u00edcio<\/a>\u00a0foram anunciadas em agosto.<\/p>\n<p>Ao todo, 45,6 milh\u00f5es de brasileiros est\u00e3o sendo\u00a0beneficiados pela rodada do aux\u00edlio emergencial deste ano, que\u00a0come\u00e7ou a ser pago em abril.<\/p>\n<p>Para os benefici\u00e1rios do Bolsa Fam\u00edlia, o pagamento ocorre de forma distinta. Os inscritos podem sacar diretamente o dinheiro nos dez \u00faltimos dias \u00fateis de cada m\u00eas, com base no d\u00edgito final do NIS.<\/p>\n<p>O pagamento da s\u00e9tima parcela aos inscritos no Bolsa Fam\u00edlia come\u00e7ou no \u00faltimo dia 18 e segue at\u00e9 a amanh\u00e3 (29). O aux\u00edlio emergencial somente \u00e9\u00a0depositado quando o valor \u00e9\u00a0superior ao benef\u00edcio do programa social.<\/p>\n<div class=\"dnd-widget-wrapper context-cheio_8colunas type-image\">\n<div class=\"dnd-atom-rendered\">\n<p>Em todos os casos, o aux\u00edlio est\u00e1 sendo pago apenas a quem recebia o benef\u00edcio em dezembro de 2020. Tamb\u00e9m \u00e9 necess\u00e1rio cumprir outros requisitos para\u00a0ter\u00a0direito \u00e0 atual rodada (veja guia de perguntas e respostas no \u00faltimo par\u00e1grafo).<\/p>\n<p>O programa se encerraria em julho, mas foi\u00a0<a href=\"https:\/\/agenciabrasil.ebc.com.br\/politica\/noticia\/2021-07\/governo-prorroga-auxilio-emergencial-por-mais-tres-meses\" target=\"_blank\" rel=\"noopener\">prorrogado at\u00e9 outubro<\/a>,\u00a0com os mesmos valores para as parcelas. A partir\u00a0de novembro, o p\u00fablico do Bolsa Fam\u00edlia ser\u00e1 migrado para o Aux\u00edlio Brasil.<\/p>\n<p>A\u00a0<strong>Ag\u00eancia Brasil<\/strong>\u00a0elaborou um\u00a0<a href=\"https:\/\/agenciabrasil.ebc.com.br\/economia\/noticia\/2021-04\/agencia-brasil-explica-nova-rodada-do-auxilio-emergencial\" target=\"_blank\" rel=\"noopener\">guia de perguntas e respostas<\/a>\u00a0sobre o aux\u00edlio emergencial. Entre as d\u00favidas que o benefici\u00e1rio pode tirar est\u00e3o os crit\u00e9rios para receber o benef\u00edcio, a regulariza\u00e7\u00e3o do CPF e os crit\u00e9rios de desempate dentro da mesma fam\u00edlia para\u00a0ter\u00a0acesso ao aux\u00edlio.<\/p>\n<p><span style=\"font-weight: 400;\">Fonte: Ag\u00eancia Brasil <\/span><\/p>\n<\/div>\n<\/div>\n","protected":false},"excerpt":{"rendered":"<p>Trabalhadores informais nascidos em agosto recebem\u00a0hoje\u00a0(28) a s\u00e9tima parcela do aux\u00edlio emergencial em 2021. O benef\u00edcio tem\u00a0parcelas de R$ 150 a R$ 375, dependendo da fam\u00edlia. O pagamento tamb\u00e9m ser\u00e1 feito a inscritos no Cadastro \u00danico de Programas Sociais do Governo Federal (Cad\u00danico) nascidos no mesmo m\u00eas. O dinheiro \u00e9\u00a0depositado nas contas poupan\u00e7a digitais e [&hellip;]<\/p>\n","protected":false},"author":246,"featured_media":190324,"comment_status":"closed","ping_status":"closed","sticky":false,"template":"","format":"standard","meta":{"footnotes":""},"categories":[436,261],"tags":[],"class_list":["post-190323","post","type-post","status-publish","format-standard","has-post-thumbnail","hentry","category-destaque-da-semana","category-economia"],"_links":{"self":[{"href":"https:\/\/diarioregionaldigital.com.br\/index.php?rest_route=\/wp\/v2\/posts\/190323","targetHints":{"allow":["GET"]}}],"collection":[{"href":"https:\/\/diarioregionaldigital.com.br\/index.php?rest_route=\/wp\/v2\/posts"}],"about":[{"href":"https:\/\/diarioregionaldigital.com.br\/index.php?rest_route=\/wp\/v2\/types\/post"}],"author":[{"embeddable":true,"href":"https:\/\/diarioregionaldigital.com.br\/index.php?rest_route=\/wp\/v2\/users\/246"}],"replies":[{"embeddable":true,"href":"https:\/\/diarioregionaldigital.com.br\/index.php?rest_route=%2Fwp%2Fv2%2Fcomments&post=190323"}],"version-history":[{"count":1,"href":"https:\/\/diarioregionaldigital.com.br\/index.php?rest_route=\/wp\/v2\/posts\/190323\/revisions"}],"predecessor-version":[{"id":190325,"href":"https:\/\/diarioregionaldigital.com.br\/index.php?rest_route=\/wp\/v2\/posts\/190323\/revisions\/190325"}],"wp:featuredmedia":[{"embeddable":true,"href":"https:\/\/diarioregionaldigital.com.br\/index.php?rest_route=\/wp\/v2\/media\/190324"}],"wp:attachment":[{"href":"https:\/\/diarioregionaldigital.com.br\/index.php?rest_route=%2Fwp%2Fv2%2Fmedia&parent=190323"}],"wp:term":[{"taxonomy":"category","embeddable":true,"href":"https:\/\/diarioregionaldigital.com.br\/index.php?rest_route=%2Fwp%2Fv2%2Fcategories&post=190323"},{"taxonomy":"post_tag","embeddable":true,"href":"https:\/\/diarioregionaldigital.com.br\/index.php?rest_route=%2Fwp%2Fv2%2Ftags&post=190323"}],"curies":[{"name":"wp","href":"https:\/\/api.w.org\/{rel}","templated":true}]}}