{"id":190238,"date":"2021-10-26T16:16:34","date_gmt":"2021-10-26T19:16:34","guid":{"rendered":"https:\/\/diarioregionaldigital.com.br\/?p=190238"},"modified":"2021-10-26T16:16:34","modified_gmt":"2021-10-26T19:16:34","slug":"ultima-semana-de-inscricoes-para-o-1o-intercambio-da-educacao-infantil","status":"publish","type":"post","link":"https:\/\/diarioregionaldigital.com.br\/?p=190238","title":{"rendered":"\u00daltima semana de inscri\u00e7\u00f5es para o 1\u00ba Interc\u00e2mbio da Educa\u00e7\u00e3o Infantil"},"content":{"rendered":"<p>Segundo informa\u00e7\u00f5es do site da Prefeitura de Juiz de Fora, as inscri\u00e7\u00f5es para o I Interc\u00e2mbio da Educa\u00e7\u00e3o Infantil, realizado pela Secretaria de Educa\u00e7\u00e3o (SE) da Prefeitura de Juiz de Fora (PJF), encerram-se nesta sexta-feira, 29. O evento acontecer\u00e1 de forma virtual, no per\u00edodo de 16 a 19 de novembro, com o tema \u201cInf\u00e2ncias e Doc\u00eancias: experi\u00eancias na Educa\u00e7\u00e3o Infantil do munic\u00edpio de Juiz de Fora\u201d.<\/p>\n<p>A gerente do Departamento de Educa\u00e7\u00e3o Infantil (DEI) da SE, V\u00edviam Carvalho, ressalta a import\u00e2ncia desse espa\u00e7o. \u201cConvidamos as escolas e as creches para que se mobilizem para esse encontro e tragam as significativas experi\u00eancias que as institui\u00e7\u00f5es desenvolvem com beb\u00eas e crian\u00e7as, dando visibilidade ao fazer pedag\u00f3gico da Educa\u00e7\u00e3o Infantil, que tem uma especificidade t\u00e3o peculiar\u201d, destaca.<\/p>\n<p>O edital de inscri\u00e7\u00e3o \u00e9 voltado para a apresenta\u00e7\u00e3o dessas pr\u00e1ticas pedag\u00f3gicas no contexto de pandemia. Est\u00e3o dispon\u00edveis duas categorias: Comunica\u00e7\u00e3o Oral (sess\u00f5es tem\u00e1ticas para apresenta\u00e7\u00e3o de relatos de experi\u00eancias) e Exposi\u00e7\u00e3o Virtual (apresenta\u00e7\u00e3o das experi\u00eancias, na ferramenta Padlet), sendo que cada unidade poder\u00e1 inscrever apenas um trabalho por modalidade.<\/p>\n<p>Desde 2011, a SE realiza, anualmente, o Interc\u00e2mbio Cultural de Creches, nascido a partir de necessidades e desejos dos profissionais das unidades, revelados nos di\u00e1logos reflexivos no processo de forma\u00e7\u00e3o continuada. Neste ano, as escolas municipais foram incorporadas ao interc\u00e2mbio, ampliando a proposta original. \u201cEstamos na expectativa de que esse novo formato de proposta para o interc\u00e2mbio traga uma articula\u00e7\u00e3o entre creche e pr\u00e9-escola, fortalecendo a concep\u00e7\u00e3o da Educa\u00e7\u00e3o Infantil\u201d, afirma V\u00edviam.<\/p>\n<p><b>Em caso de d\u00favidas, entrar em contato:<\/b><\/p>\n<p>Creches &#8211; Supervis\u00e3o de Acompanhamento Pedag\u00f3gico das Institui\u00e7\u00f5es Parceiras (Sapip), pelo telefone 3690-7995 ou pelo e-mail: creches@edu.mg.gov.br<\/p>\n<p>Escolas &#8211; Supervis\u00e3o das Escolas P\u00fablicas de Educa\u00e7\u00e3o Infantil (Sepub), pelo telefone 3690-8391 ou pelo e-mail: escolainfantil@pjf.mg.gov.br<\/p>\n<p><a href=\"https:\/\/www.pjf.mg.gov.br\/secretarias\/se\/eventos\/intercambio\/\"><b>Acesse o edital e os formul\u00e1rios de inscri\u00e7\u00e3o.<\/b><\/a><\/p>\n","protected":false},"excerpt":{"rendered":"<p>Segundo informa\u00e7\u00f5es do site da Prefeitura de Juiz de Fora, as inscri\u00e7\u00f5es para o I Interc\u00e2mbio da Educa\u00e7\u00e3o Infantil, realizado pela Secretaria de Educa\u00e7\u00e3o (SE) da Prefeitura de Juiz de Fora (PJF), encerram-se nesta sexta-feira, 29. O evento acontecer\u00e1 de forma virtual, no per\u00edodo de 16 a 19 de novembro, com o tema \u201cInf\u00e2ncias e [&hellip;]<\/p>\n","protected":false},"author":246,"featured_media":190239,"comment_status":"closed","ping_status":"closed","sticky":false,"template":"","format":"standard","meta":{"footnotes":""},"categories":[253,436],"tags":[],"class_list":["post-190238","post","type-post","status-publish","format-standard","has-post-thumbnail","hentry","category-cidade","category-destaque-da-semana"],"_links":{"self":[{"href":"https:\/\/diarioregionaldigital.com.br\/index.php?rest_route=\/wp\/v2\/posts\/190238","targetHints":{"allow":["GET"]}}],"collection":[{"href":"https:\/\/diarioregionaldigital.com.br\/index.php?rest_route=\/wp\/v2\/posts"}],"about":[{"href":"https:\/\/diarioregionaldigital.com.br\/index.php?rest_route=\/wp\/v2\/types\/post"}],"author":[{"embeddable":true,"href":"https:\/\/diarioregionaldigital.com.br\/index.php?rest_route=\/wp\/v2\/users\/246"}],"replies":[{"embeddable":true,"href":"https:\/\/diarioregionaldigital.com.br\/index.php?rest_route=%2Fwp%2Fv2%2Fcomments&post=190238"}],"version-history":[{"count":1,"href":"https:\/\/diarioregionaldigital.com.br\/index.php?rest_route=\/wp\/v2\/posts\/190238\/revisions"}],"predecessor-version":[{"id":190240,"href":"https:\/\/diarioregionaldigital.com.br\/index.php?rest_route=\/wp\/v2\/posts\/190238\/revisions\/190240"}],"wp:featuredmedia":[{"embeddable":true,"href":"https:\/\/diarioregionaldigital.com.br\/index.php?rest_route=\/wp\/v2\/media\/190239"}],"wp:attachment":[{"href":"https:\/\/diarioregionaldigital.com.br\/index.php?rest_route=%2Fwp%2Fv2%2Fmedia&parent=190238"}],"wp:term":[{"taxonomy":"category","embeddable":true,"href":"https:\/\/diarioregionaldigital.com.br\/index.php?rest_route=%2Fwp%2Fv2%2Fcategories&post=190238"},{"taxonomy":"post_tag","embeddable":true,"href":"https:\/\/diarioregionaldigital.com.br\/index.php?rest_route=%2Fwp%2Fv2%2Ftags&post=190238"}],"curies":[{"name":"wp","href":"https:\/\/api.w.org\/{rel}","templated":true}]}}