{"id":190231,"date":"2021-10-26T16:09:33","date_gmt":"2021-10-26T19:09:33","guid":{"rendered":"https:\/\/diarioregionaldigital.com.br\/?p=190231"},"modified":"2021-10-26T16:09:33","modified_gmt":"2021-10-26T19:09:33","slug":"smu-intensifica-monitoramento-de-irregularidades-de-embarque-e-desembarque-no-parque-halfeld","status":"publish","type":"post","link":"https:\/\/diarioregionaldigital.com.br\/?p=190231","title":{"rendered":"SMU intensifica monitoramento de irregularidades de embarque e desembarque no Parque Halfeld"},"content":{"rendered":"<p>Segundo informa\u00e7\u00f5es do site da Prefeitura de Juiz de Fora, para coibir o estacionamento irregular na via localizada no Parque Halfeld em frente \u00e0 C\u00e2mara Municipal, a Secretaria de Mobilidade Urbana (SMU) da Prefeitura de Juiz de Fora (PJF) est\u00e1 intensificando a fiscaliza\u00e7\u00e3o no local. Al\u00e9m da presen\u00e7a dos agentes de transporte e tr\u00e2nsito, os guardas municipais est\u00e3o apoiando o monitoramento j\u00e1 que s\u00e3o muitos flagrantes de condutores que estacionam irregularmente na via, atrapalhando a circula\u00e7\u00e3o de outros ve\u00edculos no trecho.<\/p>\n<p>A SMU j\u00e1 est\u00e1 finalizando um projeto de altera\u00e7\u00e3o vi\u00e1ria no local. A previs\u00e3o \u00e9 que as altera\u00e7\u00f5es no local sejam implementadas ainda neste ano. Den\u00fancias podem ser realizadas diretamente na Central de Opera\u00e7\u00f5es dos Agentes de Transporte e Tr\u00e2nsito pelo telefone 2104-7400.<\/p>\n","protected":false},"excerpt":{"rendered":"<p>Segundo informa\u00e7\u00f5es do site da Prefeitura de Juiz de Fora, para coibir o estacionamento irregular na via localizada no Parque Halfeld em frente \u00e0 C\u00e2mara Municipal, a Secretaria de Mobilidade Urbana (SMU) da Prefeitura de Juiz de Fora (PJF) est\u00e1 intensificando a fiscaliza\u00e7\u00e3o no local. Al\u00e9m da presen\u00e7a dos agentes de transporte e tr\u00e2nsito, os [&hellip;]<\/p>\n","protected":false},"author":246,"featured_media":190232,"comment_status":"closed","ping_status":"closed","sticky":false,"template":"","format":"standard","meta":{"footnotes":""},"categories":[253,436],"tags":[],"class_list":["post-190231","post","type-post","status-publish","format-standard","has-post-thumbnail","hentry","category-cidade","category-destaque-da-semana"],"_links":{"self":[{"href":"https:\/\/diarioregionaldigital.com.br\/index.php?rest_route=\/wp\/v2\/posts\/190231","targetHints":{"allow":["GET"]}}],"collection":[{"href":"https:\/\/diarioregionaldigital.com.br\/index.php?rest_route=\/wp\/v2\/posts"}],"about":[{"href":"https:\/\/diarioregionaldigital.com.br\/index.php?rest_route=\/wp\/v2\/types\/post"}],"author":[{"embeddable":true,"href":"https:\/\/diarioregionaldigital.com.br\/index.php?rest_route=\/wp\/v2\/users\/246"}],"replies":[{"embeddable":true,"href":"https:\/\/diarioregionaldigital.com.br\/index.php?rest_route=%2Fwp%2Fv2%2Fcomments&post=190231"}],"version-history":[{"count":1,"href":"https:\/\/diarioregionaldigital.com.br\/index.php?rest_route=\/wp\/v2\/posts\/190231\/revisions"}],"predecessor-version":[{"id":190233,"href":"https:\/\/diarioregionaldigital.com.br\/index.php?rest_route=\/wp\/v2\/posts\/190231\/revisions\/190233"}],"wp:featuredmedia":[{"embeddable":true,"href":"https:\/\/diarioregionaldigital.com.br\/index.php?rest_route=\/wp\/v2\/media\/190232"}],"wp:attachment":[{"href":"https:\/\/diarioregionaldigital.com.br\/index.php?rest_route=%2Fwp%2Fv2%2Fmedia&parent=190231"}],"wp:term":[{"taxonomy":"category","embeddable":true,"href":"https:\/\/diarioregionaldigital.com.br\/index.php?rest_route=%2Fwp%2Fv2%2Fcategories&post=190231"},{"taxonomy":"post_tag","embeddable":true,"href":"https:\/\/diarioregionaldigital.com.br\/index.php?rest_route=%2Fwp%2Fv2%2Ftags&post=190231"}],"curies":[{"name":"wp","href":"https:\/\/api.w.org\/{rel}","templated":true}]}}