{"id":190224,"date":"2021-10-26T15:49:05","date_gmt":"2021-10-26T18:49:05","guid":{"rendered":"https:\/\/diarioregionaldigital.com.br\/?p=190224"},"modified":"2021-10-26T15:49:05","modified_gmt":"2021-10-26T18:49:05","slug":"atletico-go-derrota-gremio-por-2-a-0-no-brasileiro","status":"publish","type":"post","link":"https:\/\/diarioregionaldigital.com.br\/?p=190224","title":{"rendered":"Atl\u00e9tico-GO derrota Gr\u00eamio por 2 a 0 no Brasileiro"},"content":{"rendered":"<p>O Atl\u00e9tico-GO derrotou o Gr\u00eamio por 2 a 0, na noite desta segunda-feira (25) no est\u00e1dio Ant\u00f4nio Accioly, em Goi\u00e2nia, e assumiu a 9\u00aa posi\u00e7\u00e3o com 37 pontos. Para o Tricolor o rev\u00e9s representou a perman\u00eancia na vice-lanterna da competi\u00e7\u00e3o com 26 pontos.<img decoding=\"async\" src=\"https:\/\/agenciabrasil.ebc.com.br\/ebc.png?id=1425574&amp;o=node\" \/><img decoding=\"async\" src=\"https:\/\/agenciabrasil.ebc.com.br\/ebc.gif?id=1425574&amp;o=node\" \/><\/p>\n<p>O triunfo do Drag\u00e3o foi alcan\u00e7ado gra\u00e7as a gols de Igor Cari\u00fas, no primeiro tempo, e de Marlon Freitas, em cobran\u00e7a de p\u00eanalti na etapa final.<\/p>\n<p>Na pr\u00f3xima rodada o Gr\u00eamio mede for\u00e7as com o Palmeiras no domingo (31). No mesmo dia o Atl\u00e9tico-GO pega o Sport em Pernambuco.<\/p>\n<p><span style=\"font-weight: 400;\">Fonte: Ag\u00eancia Brasil <\/span><\/p>\n","protected":false},"excerpt":{"rendered":"<p>O Atl\u00e9tico-GO derrotou o Gr\u00eamio por 2 a 0, na noite desta segunda-feira (25) no est\u00e1dio Ant\u00f4nio Accioly, em Goi\u00e2nia, e assumiu a 9\u00aa posi\u00e7\u00e3o com 37 pontos. Para o Tricolor o rev\u00e9s representou a perman\u00eancia na vice-lanterna da competi\u00e7\u00e3o com 26 pontos. O triunfo do Drag\u00e3o foi alcan\u00e7ado gra\u00e7as a gols de Igor Cari\u00fas, [&hellip;]<\/p>\n","protected":false},"author":246,"featured_media":190225,"comment_status":"closed","ping_status":"closed","sticky":false,"template":"","format":"standard","meta":{"footnotes":""},"categories":[436,257],"tags":[],"class_list":["post-190224","post","type-post","status-publish","format-standard","has-post-thumbnail","hentry","category-destaque-da-semana","category-esporte"],"_links":{"self":[{"href":"https:\/\/diarioregionaldigital.com.br\/index.php?rest_route=\/wp\/v2\/posts\/190224","targetHints":{"allow":["GET"]}}],"collection":[{"href":"https:\/\/diarioregionaldigital.com.br\/index.php?rest_route=\/wp\/v2\/posts"}],"about":[{"href":"https:\/\/diarioregionaldigital.com.br\/index.php?rest_route=\/wp\/v2\/types\/post"}],"author":[{"embeddable":true,"href":"https:\/\/diarioregionaldigital.com.br\/index.php?rest_route=\/wp\/v2\/users\/246"}],"replies":[{"embeddable":true,"href":"https:\/\/diarioregionaldigital.com.br\/index.php?rest_route=%2Fwp%2Fv2%2Fcomments&post=190224"}],"version-history":[{"count":2,"href":"https:\/\/diarioregionaldigital.com.br\/index.php?rest_route=\/wp\/v2\/posts\/190224\/revisions"}],"predecessor-version":[{"id":190227,"href":"https:\/\/diarioregionaldigital.com.br\/index.php?rest_route=\/wp\/v2\/posts\/190224\/revisions\/190227"}],"wp:featuredmedia":[{"embeddable":true,"href":"https:\/\/diarioregionaldigital.com.br\/index.php?rest_route=\/wp\/v2\/media\/190225"}],"wp:attachment":[{"href":"https:\/\/diarioregionaldigital.com.br\/index.php?rest_route=%2Fwp%2Fv2%2Fmedia&parent=190224"}],"wp:term":[{"taxonomy":"category","embeddable":true,"href":"https:\/\/diarioregionaldigital.com.br\/index.php?rest_route=%2Fwp%2Fv2%2Fcategories&post=190224"},{"taxonomy":"post_tag","embeddable":true,"href":"https:\/\/diarioregionaldigital.com.br\/index.php?rest_route=%2Fwp%2Fv2%2Ftags&post=190224"}],"curies":[{"name":"wp","href":"https:\/\/api.w.org\/{rel}","templated":true}]}}