{"id":190217,"date":"2021-10-26T15:41:39","date_gmt":"2021-10-26T18:41:39","guid":{"rendered":"https:\/\/diarioregionaldigital.com.br\/?p=190217"},"modified":"2021-10-26T15:41:39","modified_gmt":"2021-10-26T18:41:39","slug":"aberto-da-australia-hesita-sobre-atuacao-de-tenistas-nao-vacinados","status":"publish","type":"post","link":"https:\/\/diarioregionaldigital.com.br\/?p=190217","title":{"rendered":"Aberto da Austr\u00e1lia hesita sobre atua\u00e7\u00e3o de tenistas n\u00e3o vacinados"},"content":{"rendered":"<p>Dividida entre o amor pelo esporte, temores com a sa\u00fade p\u00fablica e a busca de um recorde de Grand Slam de Novak Djokovic, a Austr\u00e1lia est\u00e1 sofrendo uma crise de hesita\u00e7\u00e3o enquanto estuda se tenistas que n\u00e3o se vacinaram contra a covid-19 deveriam ter permiss\u00e3o de competir no Aberto da Austr\u00e1lia.<\/p>\n<p>Para as autoridades encarregadas de tomar tais decis\u00f5es, a bola parece estar na quadra dos outros.<\/p>\n<p>Depois de meses de especula\u00e7\u00e3o, a posi\u00e7\u00e3o finalmente parecia clara na semana passada, quando o ministro da Imigra\u00e7\u00e3o australiano, Alex Hawke, disse que os tenistas ter\u00e3o que estar duplamente vacinados para entrar no pa\u00eds.<\/p>\n<p>Mas quatro dias depois as \u00e1guas voltaram a ficar turvas quando um e-mail vazado da Associa\u00e7\u00e3o de T\u00eanis Feminino (WTA) informou que tenistas que n\u00e3o se vacinaram seriam bem-vindas se estivessem dispostas a passar 14 dias em quarentena.<\/p>\n<p>O escrit\u00f3rio de Hawkes n\u00e3o quis comentar a carta da WTA, mas outras autoridades minam o comunicado do ministro desde ent\u00e3o, dizendo que a quest\u00e3o est\u00e1 longe de estar definida.<\/p>\n<p>&#8220;N\u00e3o cabe a mim [decidir] se eles ser\u00e3o aceitos no pa\u00eds, mas se forem, administraremos este risco&#8221;, disse Daniel Andrews, que comanda o governo do Estado de Victoria e \u00e9 veementemente contra a entrada dos que n\u00e3o se vacinaram, na ter\u00e7a-feira (26).<\/p>\n<p>Djokovic, tenista n\u00famero um do mundo, recusa-se a revelar sua situa\u00e7\u00e3o vacinal e disse na semana passada que pode n\u00e3o jogar em Melbourne Park, &#8220;as coisas estando como est\u00e3o&#8221;.<\/p>\n<p><span style=\"font-weight: 400;\">Fonte: Ag\u00eancia Brasil <\/span><\/p>\n","protected":false},"excerpt":{"rendered":"<p>Dividida entre o amor pelo esporte, temores com a sa\u00fade p\u00fablica e a busca de um recorde de Grand Slam de Novak Djokovic, a Austr\u00e1lia est\u00e1 sofrendo uma crise de hesita\u00e7\u00e3o enquanto estuda se tenistas que n\u00e3o se vacinaram contra a covid-19 deveriam ter permiss\u00e3o de competir no Aberto da Austr\u00e1lia. Para as autoridades encarregadas [&hellip;]<\/p>\n","protected":false},"author":246,"featured_media":190218,"comment_status":"closed","ping_status":"closed","sticky":false,"template":"","format":"standard","meta":{"footnotes":""},"categories":[436,257],"tags":[],"class_list":["post-190217","post","type-post","status-publish","format-standard","has-post-thumbnail","hentry","category-destaque-da-semana","category-esporte"],"_links":{"self":[{"href":"https:\/\/diarioregionaldigital.com.br\/index.php?rest_route=\/wp\/v2\/posts\/190217","targetHints":{"allow":["GET"]}}],"collection":[{"href":"https:\/\/diarioregionaldigital.com.br\/index.php?rest_route=\/wp\/v2\/posts"}],"about":[{"href":"https:\/\/diarioregionaldigital.com.br\/index.php?rest_route=\/wp\/v2\/types\/post"}],"author":[{"embeddable":true,"href":"https:\/\/diarioregionaldigital.com.br\/index.php?rest_route=\/wp\/v2\/users\/246"}],"replies":[{"embeddable":true,"href":"https:\/\/diarioregionaldigital.com.br\/index.php?rest_route=%2Fwp%2Fv2%2Fcomments&post=190217"}],"version-history":[{"count":1,"href":"https:\/\/diarioregionaldigital.com.br\/index.php?rest_route=\/wp\/v2\/posts\/190217\/revisions"}],"predecessor-version":[{"id":190219,"href":"https:\/\/diarioregionaldigital.com.br\/index.php?rest_route=\/wp\/v2\/posts\/190217\/revisions\/190219"}],"wp:featuredmedia":[{"embeddable":true,"href":"https:\/\/diarioregionaldigital.com.br\/index.php?rest_route=\/wp\/v2\/media\/190218"}],"wp:attachment":[{"href":"https:\/\/diarioregionaldigital.com.br\/index.php?rest_route=%2Fwp%2Fv2%2Fmedia&parent=190217"}],"wp:term":[{"taxonomy":"category","embeddable":true,"href":"https:\/\/diarioregionaldigital.com.br\/index.php?rest_route=%2Fwp%2Fv2%2Fcategories&post=190217"},{"taxonomy":"post_tag","embeddable":true,"href":"https:\/\/diarioregionaldigital.com.br\/index.php?rest_route=%2Fwp%2Fv2%2Ftags&post=190217"}],"curies":[{"name":"wp","href":"https:\/\/api.w.org\/{rel}","templated":true}]}}