{"id":190211,"date":"2021-10-26T15:23:46","date_gmt":"2021-10-26T18:23:46","guid":{"rendered":"https:\/\/diarioregionaldigital.com.br\/?p=190211"},"modified":"2021-10-26T15:23:46","modified_gmt":"2021-10-26T18:23:46","slug":"facebook-remove-live-em-que-presidente-associa-vacina-de-covid-a-aids","status":"publish","type":"post","link":"https:\/\/diarioregionaldigital.com.br\/?p=190211","title":{"rendered":"Facebook remove live em que presidente associa vacina de covid \u00e0 aids"},"content":{"rendered":"<p>O Facebook tirou do ar a\u00a0<em>live<\/em>\u00a0do presidente Jair Bolsonaro em que ele compartilha a informa\u00e7\u00e3o sobre uma suposta rela\u00e7\u00e3o entre as vacinas contra covid-19 e a aids (s\u00edndrome da imunodefici\u00eancia adquirida). A transmiss\u00e3o foi ao ar, ao vivo, na \u00faltima quinta-feira (21) e estava dispon\u00edvel para reprodu\u00e7\u00e3o, como acontece com os conte\u00fados semelhantes.\u00a0A remo\u00e7\u00e3o do v\u00eddeo se estende \u00e0 conta do presidente no Instagram, rede social que tamb\u00e9m pertence ao Facebook.<img decoding=\"async\" src=\"https:\/\/agenciabrasil.ebc.com.br\/ebc.png?id=1425492&amp;o=node\" \/><img decoding=\"async\" src=\"https:\/\/agenciabrasil.ebc.com.br\/ebc.gif?id=1425492&amp;o=node\" \/><\/p>\n<p>De acordo com o presidente, a informa\u00e7\u00e3o se refere a pessoas totalmente vacinadas, ou seja, que tomaram a dose \u00fanica ou segunda dose da vacina h\u00e1 mais de 15 dias. &#8220;S\u00f3 vou dar a not\u00edcia, n\u00e3o vou comentar. J\u00e1 falei sobre isso no passado, apanhei muito. Vamos l\u00e1: &#8216;Relat\u00f3rios oficiais do governo do Reino Unido sugerem que os totalmente vacinados [\u2026] est\u00e3o desenvolvendo s\u00edndrome da imunodefici\u00eancia adquirida muito mais r\u00e1pido do que o previsto&#8217;. Recomendo, leiam a mat\u00e9ria, n\u00e3o vou ler aqui porque posso ter problema com a minha<em>\u00a0live<\/em>, n\u00e3o quero que caia a\u00a0<em>live<\/em>\u00a0aqui, quero dar informa\u00e7\u00f5es&#8221;, afirmou Bolsonaro durante a transmiss\u00e3o do dia 21, sem citar a fonte da mat\u00e9ria.<\/p>\n<p>Em nota divulgada no s\u00e1bado (23), o Comit\u00ea de HIV\/Aids da Sociedade Brasileira de Infectologia esclareceu que \u201cn\u00e3o se conhece nenhuma rela\u00e7\u00e3o\u201d entre qualquer vacina contra a covid-19 e o desenvolvimento de aids. \u201cRepudiamos toda e qualquer not\u00edcia falsa que circule e fa\u00e7a men\u00e7\u00e3o a esta associa\u00e7\u00e3o inexistente\u201d, diz a nota.<\/p>\n<p>O comit\u00ea recomenda ainda que pessoas que vivem com HIV (v\u00edrus da imunodefici\u00eancia humana)\/aids devem ser completamente vacinadas contra covid-19, inclusive com a libera\u00e7\u00e3o da dose de refor\u00e7o (terceira dose) para todos que receberam a segunda dose h\u00e1 mais de 28 dias. Pessoas imunossuprimidas est\u00e3o recebendo o refor\u00e7o contra covid-19 nesse intervalo de tempo, conforme prev\u00ea o Minist\u00e9rio da Sa\u00fade, assim como os idosos e profissionais de sa\u00fade que tomaram a vacina h\u00e1 mais de seis meses.<\/p>\n<p>Hoje (25), em entrevista a uma r\u00e1dio, o presidente disse que leu sobre a pesquisa em reportagem da revista<em>\u00a0Exame\u00a0<\/em>publicada na semana passada. Bolsonaro tamb\u00e9m compartilhou nas redes sociais uma publica\u00e7\u00e3o de seu filho Carlos Bolsonaro\u00a0em que o vereador critica a repercuss\u00e3o. \u201cA que n\u00edvel chega o $istema: o \u201cmeio de comunica\u00e7\u00e3o do bem\u201d chamado @exame divulga a informa\u00e7\u00e3o e o atacado \u00e9 quem leu sua mat\u00e9ria! O alvo ser\u00e1 a revista ou o leitor? Precisa responder? Tem m\u00e9todo!\u201d, diz a publica\u00e7\u00e3o.<\/p>\n<p>A mat\u00e9ria em quest\u00e3o, entretanto, foi publicada pela\u00a0<em>Exame<\/em>\u00a0em outubro de 2020, quando as vacinas ainda estavam em desenvolvimento. A not\u00edcia foi atualizada nesta segunda-feira e destaca que os cientistas se basearam em an\u00e1lises feitas em 2007 com um adenov\u00edrus espec\u00edfico usado na pesquisa de vacinas contra o HIV (v\u00edrus da imunodefici\u00eancia humana).<\/p>\n<p><strong>YouTube<\/strong><\/p>\n<p>No final da tarde de hoje, o YouTube comunicou que\u00a0tamb\u00e9m resolveu retirar o v\u00eddeo do presidente Jair Bolsonaro do ar. Segundo a empresa, o canal do presidente foi suspenso por uma semana. Em comunicado, o YouTube afirma que o conte\u00fado do v\u00eddeo &#8220;viola diretrizes que est\u00e3o em conformidade com autoridades de sa\u00fade locais e globais.&#8221;<\/p>\n<p><span style=\"font-weight: 400;\">Fonte: Ag\u00eancia Brasil <\/span><\/p>\n","protected":false},"excerpt":{"rendered":"<p>O Facebook tirou do ar a\u00a0live\u00a0do presidente Jair Bolsonaro em que ele compartilha a informa\u00e7\u00e3o sobre uma suposta rela\u00e7\u00e3o entre as vacinas contra covid-19 e a aids (s\u00edndrome da imunodefici\u00eancia adquirida). A transmiss\u00e3o foi ao ar, ao vivo, na \u00faltima quinta-feira (21) e estava dispon\u00edvel para reprodu\u00e7\u00e3o, como acontece com os conte\u00fados semelhantes.\u00a0A remo\u00e7\u00e3o do [&hellip;]<\/p>\n","protected":false},"author":246,"featured_media":190212,"comment_status":"closed","ping_status":"closed","sticky":false,"template":"","format":"standard","meta":{"footnotes":""},"categories":[436,254],"tags":[],"class_list":["post-190211","post","type-post","status-publish","format-standard","has-post-thumbnail","hentry","category-destaque-da-semana","category-politica"],"_links":{"self":[{"href":"https:\/\/diarioregionaldigital.com.br\/index.php?rest_route=\/wp\/v2\/posts\/190211","targetHints":{"allow":["GET"]}}],"collection":[{"href":"https:\/\/diarioregionaldigital.com.br\/index.php?rest_route=\/wp\/v2\/posts"}],"about":[{"href":"https:\/\/diarioregionaldigital.com.br\/index.php?rest_route=\/wp\/v2\/types\/post"}],"author":[{"embeddable":true,"href":"https:\/\/diarioregionaldigital.com.br\/index.php?rest_route=\/wp\/v2\/users\/246"}],"replies":[{"embeddable":true,"href":"https:\/\/diarioregionaldigital.com.br\/index.php?rest_route=%2Fwp%2Fv2%2Fcomments&post=190211"}],"version-history":[{"count":1,"href":"https:\/\/diarioregionaldigital.com.br\/index.php?rest_route=\/wp\/v2\/posts\/190211\/revisions"}],"predecessor-version":[{"id":190213,"href":"https:\/\/diarioregionaldigital.com.br\/index.php?rest_route=\/wp\/v2\/posts\/190211\/revisions\/190213"}],"wp:featuredmedia":[{"embeddable":true,"href":"https:\/\/diarioregionaldigital.com.br\/index.php?rest_route=\/wp\/v2\/media\/190212"}],"wp:attachment":[{"href":"https:\/\/diarioregionaldigital.com.br\/index.php?rest_route=%2Fwp%2Fv2%2Fmedia&parent=190211"}],"wp:term":[{"taxonomy":"category","embeddable":true,"href":"https:\/\/diarioregionaldigital.com.br\/index.php?rest_route=%2Fwp%2Fv2%2Fcategories&post=190211"},{"taxonomy":"post_tag","embeddable":true,"href":"https:\/\/diarioregionaldigital.com.br\/index.php?rest_route=%2Fwp%2Fv2%2Ftags&post=190211"}],"curies":[{"name":"wp","href":"https:\/\/api.w.org\/{rel}","templated":true}]}}