{"id":190202,"date":"2021-10-26T15:11:56","date_gmt":"2021-10-26T18:11:56","guid":{"rendered":"https:\/\/diarioregionaldigital.com.br\/?p=190202"},"modified":"2021-10-26T15:11:56","modified_gmt":"2021-10-26T18:11:56","slug":"versao-final-do-relatorio-da-cpi-tem-81-pedidos-de-indiciamentos","status":"publish","type":"post","link":"https:\/\/diarioregionaldigital.com.br\/?p=190202","title":{"rendered":"Vers\u00e3o final do relat\u00f3rio da CPI tem 81 pedidos de indiciamentos"},"content":{"rendered":"<p>O relator da Comiss\u00e3o Parlamentar de Inqu\u00e9rito (CPI) da Pandemia do Senado, Renan Calheiros (MDB-AL), incluiu nesta ter\u00e7a-feira (26) o senador Lu\u00eds Carlos Hienze (PP-RS) na lista de sugest\u00e3o de indiciamentos feita pelo colegiado. A decis\u00e3o atendeu a um pedido de outro senador, o oposicionista Alessandro Vieira (Cidadania-SE), que acusou o colega de comiss\u00e3o de dissemina\u00e7\u00e3o de not\u00edcias falsas.<img decoding=\"async\" src=\"https:\/\/agenciabrasil.ebc.com.br\/ebc.png?id=1425640&amp;o=node\" \/><img decoding=\"async\" src=\"https:\/\/agenciabrasil.ebc.com.br\/ebc.gif?id=1425640&amp;o=node\" \/><\/p>\n<p>\u201cEssa CPI teve a coragem de pedir o indiciamento do presidente da Rep\u00fablica e do l\u00edder do governo. N\u00e3o pode fechar os olhos com rela\u00e7\u00e3o ao comportamento do seu colega parlamentar\u201d, argumentou Alessandro sob protestos de governistas.<\/p>\n<p>\u201cUma medida radical como essa passa um claro recibo de revanchismo, de persegui\u00e7\u00e3o. Quem tem moral aqui para falar, se no dia que vieram m\u00e9dicos fazer o contraponto se retiraram, n\u00e3o compareceram. Isso \u00e9 uma covardia\u201d, criticou o senador Eduardo Gir\u00e3o (Podemos-CE).<\/p>\n<p>A solicita\u00e7\u00e3o foi feita durante a apresenta\u00e7\u00e3o do voto alternativo de Heinze ao parecer de Renan Calheiros. Ao longo dos trabalhos da comiss\u00e3o, por v\u00e1rias vezes, o senador ga\u00facho defendeu drogas comprovadamente sem efic\u00e1cia contra o coronav\u00edrus. No documento lido hoje, entre outros pontos, Heinze manifestou apoio ao Conselho Federal de Medicina (CFM) pela defesa da autonomia m\u00e9dica durante a pandemia e afirmou que seu relat\u00f3rio inclui centenas de estudos sobre o uso de subst\u00e2ncias no tratamento da covid-19 feitas por &#8220;cientistas, n\u00e3o charlat\u00f5es&#8221;. \u201cS\u00e3o pesquisas que o Minist\u00e9rio P\u00fablico e a Procuradoria-Geral da Rep\u00fablica v\u00e3o se debru\u00e7ar. N\u00e3o s\u00e3o factoides, n\u00e3o s\u00e3o narrativas\u201d, argumentou.<\/p>\n<p><strong>Novos indiciamentos<\/strong><\/p>\n<p>Durante a apresenta\u00e7\u00e3o dos novos pontos acatados ap\u00f3s a leitura da primeira vers\u00e3o do texto, na semana passada, al\u00e9m de Heize, Renan incluiu mais 12 nomes. A rela\u00e7\u00e3o,\u00a0<a href=\"https:\/\/www12.senado.leg.br\/noticias\/arquivos\/2021\/10\/26\/relatorio_final-26102021-12h40-1.pdf\" target=\"_blank\" rel=\"noopener\">que foi fechada com 81 pedidos de indiciamento<\/a>, tem entre os nomes o do presidente Jair Bolsonaro.<\/p>\n<p>Entre as pol\u00eamicas discutidas exaustivamente e acatadas pelo relator apenas minutos antes do in\u00edcio da reuni\u00e3o de hoje est\u00e1 a inclus\u00e3o do governador do Amazonas, Wilson Lima (PSC), e do ex-secret\u00e1rio de Sa\u00fade Marcellus Camp\u00ealo, pela crise da falta de oxig\u00eanio em Manaus no in\u00edcio deste ano.<\/p>\n<p>Colega de partido de Renan, o l\u00edder do MDB no Senado, Eduardo Braga (AM), que protocolou na CPI um adendo ao relat\u00f3rio com essas sugest\u00f5es, chegou a amea\u00e7ar votar contra o texto caso esses nomes n\u00e3o constassem na lista. Com a quest\u00e3o pacificada, Braga desistiu do adendo. O governador amazonense \u00e9 acusado pelos crimes de prevaricac\u0327a\u0303o; responsabilidade; contra a humanidade e de improbidade administrativa. No caso do ex-secret\u00e1rio de Sa\u00fade, os crimes imputados a ele pelo emedebista s\u00e3o de falso testemunho, crime contra a humanidade e prevarica\u00e7\u00e3o.<\/p>\n<p>Pelo Twitter, Wilson Lima reagiu. \u201cSeu interesse [de Eduardo Braga] visa exclusivamente \u00e0s elei\u00e7\u00f5es de 2022 e a raz\u00e3o da vida dele \u00e9 tentar sabotar o meu governo, que vem fazendo mais em dois anos do que ele em 8. Deixa o trabalho falar, senador, e pare de picuinha\u201d, postou Lima.<\/p>\n<p>Ainda na lista apresentada hoje est\u00e3o Heitor Freire de Abreu, ex-coordenador do Centro de Coordena\u00e7\u00e3o de Opera\u00e7\u00f5es do Minist\u00e9rio da Sa\u00fade; \u2013 Marcelo Bento Pires, assessor do Minist\u00e9rio da Sa\u00fade; Alex Lial Marinho, ex-coordenador de Log\u00edstica do Minist\u00e9rio da Sa\u00fade; Thiago Fernandes da Costa, assessor t\u00e9cnico do Minist\u00e9rio da Sa\u00fade; H\u00e9lcio Bruno de Almeida, presidente do Instituto For\u00e7a Brasil; Regina C\u00e9lia Oliveira, fiscal de contratos do Minist\u00e9rio da Sa\u00fade; Amilton Gomes de Paula, reverendo presidente da Secretaria Nacional de Assuntos Humanit\u00e1rios (Senah); Jos\u00e9 Alves Filho, s\u00f3cio da Vitamedic Ind\u00fastria Farmac\u00eautica Ltda.; H\u00e9lio Angotti Netto, secret\u00e1rio de Ci\u00eancia, Tecnologia, Inova\u00e7\u00e3o e Insumos Estrat\u00e9gicos em Sa\u00fade, do Minist\u00e9rio da Sa\u00fade, e Ant\u00f4nio Jord\u00e3o, presidente da Associa\u00e7\u00e3o M\u00e9dicos pela Vida.<\/p>\n<p>Conforme j\u00e1 havia sido apresentado, a lista traz ainda seis ministros ou ex-ministros do atual governo: Eduardo Pazuello, Marcelo Queiroga, Onyx Lorenzoni, Ernesto Ara\u00fajo, Wagner Ros\u00e1rio e Walter Braga Netto.<\/p>\n<p>O relator tamb\u00e9m recomenda o indiciamento de tr\u00eas filhos do presidente: o senador Fl\u00e1vio Bolsonaro (Patriota-RJ), o deputado\u00a0 Eduardo Bolsonaro (PSL-SP) e o vereador Carlos Bolsonaro (Republicanos-RJ). Entre os deputados federais, aparecem Bia Kicis (PSL-SP), Carla Zambelli (PSL-SP), Carlos Jordy (PSL-RJ), Osmar Terra (MDB-RS) e o l\u00edder do governo na C\u00e2mara, Ricardo Barros (PP-PR).<\/p>\n<p>H\u00e1 ainda integrantes do suposto gabinete paralelo, como a oncologista Nise Yamaguchi, e pessoas suspeitas de disseminar fake news. Entre elas, os empres\u00e1rios Luciano Hang e Carlos Wizard.<\/p>\n<p>Renan Calheiros tamb\u00e9m incluiu um novo cap\u00edtulo sobre pol\u00edtica externa do governo federal em pandemias, aprofundou os cap\u00edtulos sobre a crise do Amazonas e sobre a popula\u00e7\u00e3o negra e sugeriu medidas para aumentar a transpar\u00eancia.<\/p>\n<p>No rol de propostas legislativas destacadas no parecer foi acrescentada a que regulamenta o crime de genoc\u00eddio na legisla\u00e7\u00e3o brasileira, al\u00e9m de dispor sobre a coopera\u00e7\u00e3o com o Tribunal Penal Internacional, de Haia.<\/p>\n<p>Entre os acr\u00e9scimos feitos na \u00faltima semana no relat\u00f3rio final est\u00e1 o registro da live do presidente Jair Bolsonaro do \u00faltimo dia 21,\u00a0<a href=\"https:\/\/agenciabrasil.ebc.com.br\/politica\/noticia\/2021-10\/facebook-remove-live-em-que-presidente-associa-vacina-de-covid-aids\" target=\"_blank\" rel=\"noopener\">retirada<\/a>\u00a0do ar pelo Instagram, Facebook e YouTube, em que ele relaciona a vacina\u00e7\u00e3o \u00e0 aids e a proposta de banimento dele das redes sociais. A a\u00e7\u00e3o ser\u00e1 proposta pela Advocacia do Senado.<\/p>\n<p>Para Renan Calheiros, a atua\u00e7\u00e3o da CPI deixou um legado antes mesmo de seu fim. O relator citou a abertura de investiga\u00e7\u00f5es, sobre casos apontados pelo colegiado, no Minist\u00e9rio P\u00fablico, no Tribunal de Contas da Uni\u00e3o (TCU), na Controladoria-Geral da Uni\u00e3o (CGU) e na Ag\u00eancia Nacional de Vigil\u00e2ncia Sanit\u00e1ria (Anvisa), entre outros \u00f3rg\u00e3os.<\/p>\n<div class=\"dnd-widget-wrapper context-cheio_8colunas type-image\">\n<div class=\"dnd-atom-rendered\">\n<span style=\"font-weight: 400;\">Fonte: Ag\u00eancia Brasil <\/span><\/div>\n<\/div>\n","protected":false},"excerpt":{"rendered":"<p>O relator da Comiss\u00e3o Parlamentar de Inqu\u00e9rito (CPI) da Pandemia do Senado, Renan Calheiros (MDB-AL), incluiu nesta ter\u00e7a-feira (26) o senador Lu\u00eds Carlos Hienze (PP-RS) na lista de sugest\u00e3o de indiciamentos feita pelo colegiado. A decis\u00e3o atendeu a um pedido de outro senador, o oposicionista Alessandro Vieira (Cidadania-SE), que acusou o colega de comiss\u00e3o de [&hellip;]<\/p>\n","protected":false},"author":246,"featured_media":190203,"comment_status":"closed","ping_status":"closed","sticky":false,"template":"","format":"standard","meta":{"footnotes":""},"categories":[436,440,254],"tags":[],"class_list":["post-190202","post","type-post","status-publish","format-standard","has-post-thumbnail","hentry","category-destaque-da-semana","category-destaques-do-dia","category-politica"],"_links":{"self":[{"href":"https:\/\/diarioregionaldigital.com.br\/index.php?rest_route=\/wp\/v2\/posts\/190202","targetHints":{"allow":["GET"]}}],"collection":[{"href":"https:\/\/diarioregionaldigital.com.br\/index.php?rest_route=\/wp\/v2\/posts"}],"about":[{"href":"https:\/\/diarioregionaldigital.com.br\/index.php?rest_route=\/wp\/v2\/types\/post"}],"author":[{"embeddable":true,"href":"https:\/\/diarioregionaldigital.com.br\/index.php?rest_route=\/wp\/v2\/users\/246"}],"replies":[{"embeddable":true,"href":"https:\/\/diarioregionaldigital.com.br\/index.php?rest_route=%2Fwp%2Fv2%2Fcomments&post=190202"}],"version-history":[{"count":1,"href":"https:\/\/diarioregionaldigital.com.br\/index.php?rest_route=\/wp\/v2\/posts\/190202\/revisions"}],"predecessor-version":[{"id":190204,"href":"https:\/\/diarioregionaldigital.com.br\/index.php?rest_route=\/wp\/v2\/posts\/190202\/revisions\/190204"}],"wp:featuredmedia":[{"embeddable":true,"href":"https:\/\/diarioregionaldigital.com.br\/index.php?rest_route=\/wp\/v2\/media\/190203"}],"wp:attachment":[{"href":"https:\/\/diarioregionaldigital.com.br\/index.php?rest_route=%2Fwp%2Fv2%2Fmedia&parent=190202"}],"wp:term":[{"taxonomy":"category","embeddable":true,"href":"https:\/\/diarioregionaldigital.com.br\/index.php?rest_route=%2Fwp%2Fv2%2Fcategories&post=190202"},{"taxonomy":"post_tag","embeddable":true,"href":"https:\/\/diarioregionaldigital.com.br\/index.php?rest_route=%2Fwp%2Fv2%2Ftags&post=190202"}],"curies":[{"name":"wp","href":"https:\/\/api.w.org\/{rel}","templated":true}]}}