{"id":190195,"date":"2021-10-26T14:52:33","date_gmt":"2021-10-26T17:52:33","guid":{"rendered":"https:\/\/diarioregionaldigital.com.br\/?p=190195"},"modified":"2021-10-26T14:52:33","modified_gmt":"2021-10-26T17:52:33","slug":"custo-da-construcao-sobe-080-em-outubro-informa-fgv","status":"publish","type":"post","link":"https:\/\/diarioregionaldigital.com.br\/?p=190195","title":{"rendered":"Custo da constru\u00e7\u00e3o sobe 0,80% em outubro, informa FGV"},"content":{"rendered":"<p>O \u00cdndice Nacional de Custo da Constru\u00e7\u00e3o\u2013M (INCC-M), calculado pela Funda\u00e7\u00e3o Getulio Vargas (FGV), registrou infla\u00e7\u00e3o de 0,80% em outubro deste ano. A taxa \u00e9 superior ao 0,56% do m\u00eas anterior, mas inferior ao 1,69% de outubro do ano passado.<img decoding=\"async\" src=\"https:\/\/agenciabrasil.ebc.com.br\/ebc.png?id=1425590&amp;o=node\" \/><img decoding=\"async\" src=\"https:\/\/agenciabrasil.ebc.com.br\/ebc.gif?id=1425590&amp;o=node\" \/><\/p>\n<p>Com o resultado, o indicador acumula taxas de infla\u00e7\u00e3o de 12,88% no ano e de 15,35% em 12 meses, de acordo com a FGV.<\/p>\n<p>A alta da taxa, de setembro para outubro, foi puxada pelos materiais e equipamentos, cuja infla\u00e7\u00e3o subiu de 0,89% para 1,68% no per\u00edodo. Entre os itens com maiores altas de pre\u00e7os est\u00e3o os materiais met\u00e1licos, cuja taxa subiu de 0,37% em setembro para 4,36% em outubro.<\/p>\n<p>Por outro lado, os servi\u00e7os tiveram queda na taxa de infla\u00e7\u00e3o, de 0,56% em setembro para 0,36% em outubro. A m\u00e3o de obra tamb\u00e9m teve recuo na taxa, ao passar de 0,27% para 0,10% no per\u00edodo.<\/p>\n<p><span style=\"font-weight: 400;\">Fonte: Ag\u00eancia Brasil <\/span><\/p>\n","protected":false},"excerpt":{"rendered":"<p>O \u00cdndice Nacional de Custo da Constru\u00e7\u00e3o\u2013M (INCC-M), calculado pela Funda\u00e7\u00e3o Getulio Vargas (FGV), registrou infla\u00e7\u00e3o de 0,80% em outubro deste ano. A taxa \u00e9 superior ao 0,56% do m\u00eas anterior, mas inferior ao 1,69% de outubro do ano passado. Com o resultado, o indicador acumula taxas de infla\u00e7\u00e3o de 12,88% no ano e de [&hellip;]<\/p>\n","protected":false},"author":246,"featured_media":190196,"comment_status":"closed","ping_status":"closed","sticky":false,"template":"","format":"standard","meta":{"footnotes":""},"categories":[436,261],"tags":[],"class_list":["post-190195","post","type-post","status-publish","format-standard","has-post-thumbnail","hentry","category-destaque-da-semana","category-economia"],"_links":{"self":[{"href":"https:\/\/diarioregionaldigital.com.br\/index.php?rest_route=\/wp\/v2\/posts\/190195","targetHints":{"allow":["GET"]}}],"collection":[{"href":"https:\/\/diarioregionaldigital.com.br\/index.php?rest_route=\/wp\/v2\/posts"}],"about":[{"href":"https:\/\/diarioregionaldigital.com.br\/index.php?rest_route=\/wp\/v2\/types\/post"}],"author":[{"embeddable":true,"href":"https:\/\/diarioregionaldigital.com.br\/index.php?rest_route=\/wp\/v2\/users\/246"}],"replies":[{"embeddable":true,"href":"https:\/\/diarioregionaldigital.com.br\/index.php?rest_route=%2Fwp%2Fv2%2Fcomments&post=190195"}],"version-history":[{"count":1,"href":"https:\/\/diarioregionaldigital.com.br\/index.php?rest_route=\/wp\/v2\/posts\/190195\/revisions"}],"predecessor-version":[{"id":190197,"href":"https:\/\/diarioregionaldigital.com.br\/index.php?rest_route=\/wp\/v2\/posts\/190195\/revisions\/190197"}],"wp:featuredmedia":[{"embeddable":true,"href":"https:\/\/diarioregionaldigital.com.br\/index.php?rest_route=\/wp\/v2\/media\/190196"}],"wp:attachment":[{"href":"https:\/\/diarioregionaldigital.com.br\/index.php?rest_route=%2Fwp%2Fv2%2Fmedia&parent=190195"}],"wp:term":[{"taxonomy":"category","embeddable":true,"href":"https:\/\/diarioregionaldigital.com.br\/index.php?rest_route=%2Fwp%2Fv2%2Fcategories&post=190195"},{"taxonomy":"post_tag","embeddable":true,"href":"https:\/\/diarioregionaldigital.com.br\/index.php?rest_route=%2Fwp%2Fv2%2Ftags&post=190195"}],"curies":[{"name":"wp","href":"https:\/\/api.w.org\/{rel}","templated":true}]}}