{"id":190189,"date":"2021-10-26T14:42:32","date_gmt":"2021-10-26T17:42:32","guid":{"rendered":"https:\/\/diarioregionaldigital.com.br\/?p=190189"},"modified":"2021-10-26T14:42:32","modified_gmt":"2021-10-26T17:42:32","slug":"previa-da-inflacao-fica-em-120-em-outubro","status":"publish","type":"post","link":"https:\/\/diarioregionaldigital.com.br\/?p=190189","title":{"rendered":"Pr\u00e9via da infla\u00e7\u00e3o fica em 1,20% em outubro"},"content":{"rendered":"<p>O \u00cdndice Nacional de Pre\u00e7os ao Consumidor Amplo 15 (IPCA-15) ficou em 1,20% em outubro, 0,06 ponto percentual (pp) acima da taxa\u00a0de setembro\u00a0(1,14%). Trata-se da maior varia\u00e7\u00e3o para um m\u00eas\u00a0de outubro\u00a0desde 1995 (1,34%)\u00a0e a maior varia\u00e7\u00e3o mensal desde fevereiro de 2016 (1,42%).<img decoding=\"async\" src=\"https:\/\/agenciabrasil.ebc.com.br\/ebc.png?id=1425594&amp;o=node\" \/><img decoding=\"async\" src=\"https:\/\/agenciabrasil.ebc.com.br\/ebc.gif?id=1425594&amp;o=node\" \/><\/p>\n<p>O IPCA-15, divulgado\u00a0hoje\u00a0(26) pelo Instituto Brasileiro de Geografia e Estat\u00edstica (IBGE), \u00e9 uma pr\u00e9via da infla\u00e7\u00e3o oficial do pa\u00eds, o IPCA.<\/p>\n<p>No ano, o IPCA-15 acumula alta de 8,30% e, em 12 meses, de 10,34%, acima dos 10,05% registrados nos 12 meses imediatamente anteriores. Em outubro de 2020, a taxa foi de 0,94%.<\/p>\n<p>Com o maior impacto individual (0,19 pp) no m\u00eas\u00a0de outubro, a energia el\u00e9trica (3,91%) foi destaque no grupo habita\u00e7\u00e3o (1,87%). Segundo o IBGE, a alta decorre, em grande medida, da vig\u00eancia da bandeira tarif\u00e1ria escassez h\u00eddrica, em todo o per\u00edodo de refer\u00eancia do \u00edndice, com acr\u00e9scimo de R$ 14,20 na conta de luz a cada 100 kWh consumidos, o mais alto entre todas as bandeiras.<\/p>\n<p>\u201cDurante o per\u00edodo base do IPCA-15, vigorou tanto a bandeira escassez h\u00eddrica, na primeira quinzena\u00a0de setembro, quanto a bandeira vermelha patamar 2, na\u00a0segunda\u00a0quinzena\u00a0de agosto. Outra contribui\u00e7\u00e3o importante dentro do grupo veio do g\u00e1s de botij\u00e3o (3,80%), cujos pre\u00e7os subiram pelo 17\u00ba m\u00eas consecutivo e acumulam, em 2021, alta de 31,65%\u201d, informou o IBGE.<\/p>\n<p>No grupo dos transportes, as passagens a\u00e9reas foram o destaque, com\u00a0alta de 34,35%, registrando impacto de 0,16 ponto percentual. Houve aumento no pre\u00e7o das passagens em todas as regi\u00f5es, sendo a menor delas em Goi\u00e2nia (11,56%) e a maior no\u00a0Recife (47,52%). Os combust\u00edveis continuam em alta (2,03%) e pressionando os pre\u00e7os. A gasolina, componente com o maior peso do IPCA-15, subiu 1,85% e acumula 40,44% em 12 meses. Os demais combust\u00edveis tamb\u00e9m subiram: etanol (3,20%), \u00f3leo diesel (2,89%) e g\u00e1s veicular (0,36%).<\/p>\n<p>Quanto aos grupos analisados, a maior varia\u00e7\u00e3o foi no de transportes (2,06%)\u00a0que, al\u00e9m das altas nas passagens a\u00e9reas e nos combust\u00edveis, registrou varia\u00e7\u00e3o positiva em autom\u00f3veis novos (1,64%), usados (1,56%) e nas motocicletas (1,27%). No caso dos autom\u00f3veis usados, trata-se da 13\u00aa alta consecutiva, acumulando 13,21% de varia\u00e7\u00e3o nos \u00faltimos 12 meses.<\/p>\n<p>Segundo a pesquisa, o grupo de alimenta\u00e7\u00e3o e bebidas (1,38%) foi influenciado principalmente pela alimenta\u00e7\u00e3o no domic\u00edlio, que passou de 1,51% em setembro para 1,54% em outubro. Os pre\u00e7os das frutas subiram 6,41% e contribu\u00edram com 0,06 ponto percentual de impacto. Houve alta tamb\u00e9m nos pre\u00e7os do tomate (23,15%), da batata inglesa (8,57%), do frango em peda\u00e7os (5,11%), do caf\u00e9 mo\u00eddo (4,34%) do frango inteiro (4,20%) e do queijo (3,94%).<\/p>\n<p>Por outro lado, foi registrada queda nos pre\u00e7os da cebola (-2,72%) e, pelo nono m\u00eas consecutivo, do arroz (-1,06%). As carnes, ap\u00f3s 16 meses seguidos de alta, tiveram queda de 0,31%.<\/p>\n<p>A alimenta\u00e7\u00e3o fora do domic\u00edlio acelerou na passagem\u00a0de setembro\u00a0(0,69%) para outubro (0,97%), principalmente por causa\u00a0do lanche (1,71%), cujos pre\u00e7os haviam recuado 0,46% no m\u00eas anterior. A alta da refei\u00e7\u00e3o (0,52%), por sua vez, foi menor que a observada em setembro (1,31%).<\/p>\n<p>De acordo com o levantamento, todas as \u00e1reas pesquisadas apresentaram alta em outubro. O menor resultado ocorreu em Bel\u00e9m (0,51%), devido \u00e0 queda nos pre\u00e7os do a\u00e7a\u00ed (-4,74%), das carnes (-0,98%) e dos itens de higiene pessoal (-0,64%). A maior varia\u00e7\u00e3o foi registrada em Curitiba (1,58%), com altas da energia el\u00e9trica (4,15%) e da gasolina (3,47%).<\/p>\n<p><span style=\"font-weight: 400;\"><br \/>\n<\/span><span style=\"font-weight: 400;\">Fonte: Ag\u00eancia Brasil <\/span><\/p>\n","protected":false},"excerpt":{"rendered":"<p>O \u00cdndice Nacional de Pre\u00e7os ao Consumidor Amplo 15 (IPCA-15) ficou em 1,20% em outubro, 0,06 ponto percentual (pp) acima da taxa\u00a0de setembro\u00a0(1,14%). Trata-se da maior varia\u00e7\u00e3o para um m\u00eas\u00a0de outubro\u00a0desde 1995 (1,34%)\u00a0e a maior varia\u00e7\u00e3o mensal desde fevereiro de 2016 (1,42%). O IPCA-15, divulgado\u00a0hoje\u00a0(26) pelo Instituto Brasileiro de Geografia e Estat\u00edstica (IBGE), \u00e9 uma [&hellip;]<\/p>\n","protected":false},"author":246,"featured_media":190190,"comment_status":"closed","ping_status":"closed","sticky":false,"template":"","format":"standard","meta":{"footnotes":""},"categories":[436,440,261],"tags":[],"class_list":["post-190189","post","type-post","status-publish","format-standard","has-post-thumbnail","hentry","category-destaque-da-semana","category-destaques-do-dia","category-economia"],"_links":{"self":[{"href":"https:\/\/diarioregionaldigital.com.br\/index.php?rest_route=\/wp\/v2\/posts\/190189","targetHints":{"allow":["GET"]}}],"collection":[{"href":"https:\/\/diarioregionaldigital.com.br\/index.php?rest_route=\/wp\/v2\/posts"}],"about":[{"href":"https:\/\/diarioregionaldigital.com.br\/index.php?rest_route=\/wp\/v2\/types\/post"}],"author":[{"embeddable":true,"href":"https:\/\/diarioregionaldigital.com.br\/index.php?rest_route=\/wp\/v2\/users\/246"}],"replies":[{"embeddable":true,"href":"https:\/\/diarioregionaldigital.com.br\/index.php?rest_route=%2Fwp%2Fv2%2Fcomments&post=190189"}],"version-history":[{"count":1,"href":"https:\/\/diarioregionaldigital.com.br\/index.php?rest_route=\/wp\/v2\/posts\/190189\/revisions"}],"predecessor-version":[{"id":190191,"href":"https:\/\/diarioregionaldigital.com.br\/index.php?rest_route=\/wp\/v2\/posts\/190189\/revisions\/190191"}],"wp:featuredmedia":[{"embeddable":true,"href":"https:\/\/diarioregionaldigital.com.br\/index.php?rest_route=\/wp\/v2\/media\/190190"}],"wp:attachment":[{"href":"https:\/\/diarioregionaldigital.com.br\/index.php?rest_route=%2Fwp%2Fv2%2Fmedia&parent=190189"}],"wp:term":[{"taxonomy":"category","embeddable":true,"href":"https:\/\/diarioregionaldigital.com.br\/index.php?rest_route=%2Fwp%2Fv2%2Fcategories&post=190189"},{"taxonomy":"post_tag","embeddable":true,"href":"https:\/\/diarioregionaldigital.com.br\/index.php?rest_route=%2Fwp%2Fv2%2Ftags&post=190189"}],"curies":[{"name":"wp","href":"https:\/\/api.w.org\/{rel}","templated":true}]}}