{"id":190186,"date":"2021-10-26T13:45:30","date_gmt":"2021-10-26T16:45:30","guid":{"rendered":"https:\/\/diarioregionaldigital.com.br\/?p=190186"},"modified":"2021-10-26T13:45:30","modified_gmt":"2021-10-26T16:45:30","slug":"pcmg-cumpre-mandados-de-busca-e-apreensao-em-lojas-de-celulares-na-area-central-de-juiz-de-fora","status":"publish","type":"post","link":"https:\/\/diarioregionaldigital.com.br\/?p=190186","title":{"rendered":"PCMG cumpre mandados de busca e apreens\u00e3o em lojas de celulares na \u00e1rea central de Juiz de Fora"},"content":{"rendered":"<p>A Pol\u00edcia Civil de Minas Gerais cumpriu, na segunda-feira (25\/10), mandados de busca e apreens\u00e3o em duas lojas de celulares localizadas na \u00e1rea central do munic\u00edpio de Juiz de Fora, na Zona da Mata mineira. A opera\u00e7\u00e3o foi desencadeada, ap\u00f3s trabalhos investigativos realizados pela 7\u00aa Delegacia e relacionados a investiga\u00e7\u00f5es acerca do crime de furto. Apura\u00e7\u00f5es indicaram que as lojas estariam supostamente praticando de forma contumaz o crime de recepta\u00e7\u00e3o de telefones celulares, produtos provenientes de pr\u00e1ticas criminosas. Na ocasi\u00e3o, no total, foram apreendidos 14 aparelhos celulares, caixas de som e um rel\u00f3gio.<\/p>\n<p>Em uma das lojas, foram localizados tr\u00eas celulares novos sem nota fiscal, oito aparelhos com restri\u00e7\u00e3o de uso na Ag\u00eancia Nacional de Telecomunica\u00e7\u00f5es (Anatel), caixas de som e um rel\u00f3gio com ind\u00edcios de falsifica\u00e7\u00e3o. J\u00e1 no outro estabelecimento, foram apreendidos tr\u00eas celulares, entre eles, um novo -sem nota fiscal- e o restante que pode ser produto de furto.<\/p>\n<p>N\u00e3o houve conduzidos at\u00e9 a delegacia nessa a\u00e7\u00e3o, no entanto, o material apreendido foi encaminhado \u00e0 per\u00edcia e as investiga\u00e7\u00f5es continuam, inclusive, com o intuito de identificar &#8211; e de responsabilizar pelos atos cometidos &#8211; todos os suspeitos envolvidos na pr\u00e1tica criminosa.<\/p>\n","protected":false},"excerpt":{"rendered":"<p>A Pol\u00edcia Civil de Minas Gerais cumpriu, na segunda-feira (25\/10), mandados de busca e apreens\u00e3o em duas lojas de celulares localizadas na \u00e1rea central do munic\u00edpio de Juiz de Fora, na Zona da Mata mineira. A opera\u00e7\u00e3o foi desencadeada, ap\u00f3s trabalhos investigativos realizados pela 7\u00aa Delegacia e relacionados a investiga\u00e7\u00f5es acerca do crime de furto. [&hellip;]<\/p>\n","protected":false},"author":246,"featured_media":190187,"comment_status":"closed","ping_status":"closed","sticky":false,"template":"","format":"standard","meta":{"footnotes":""},"categories":[301],"tags":[],"class_list":["post-190186","post","type-post","status-publish","format-standard","has-post-thumbnail","hentry","category-artigos-policiais"],"_links":{"self":[{"href":"https:\/\/diarioregionaldigital.com.br\/index.php?rest_route=\/wp\/v2\/posts\/190186","targetHints":{"allow":["GET"]}}],"collection":[{"href":"https:\/\/diarioregionaldigital.com.br\/index.php?rest_route=\/wp\/v2\/posts"}],"about":[{"href":"https:\/\/diarioregionaldigital.com.br\/index.php?rest_route=\/wp\/v2\/types\/post"}],"author":[{"embeddable":true,"href":"https:\/\/diarioregionaldigital.com.br\/index.php?rest_route=\/wp\/v2\/users\/246"}],"replies":[{"embeddable":true,"href":"https:\/\/diarioregionaldigital.com.br\/index.php?rest_route=%2Fwp%2Fv2%2Fcomments&post=190186"}],"version-history":[{"count":1,"href":"https:\/\/diarioregionaldigital.com.br\/index.php?rest_route=\/wp\/v2\/posts\/190186\/revisions"}],"predecessor-version":[{"id":190188,"href":"https:\/\/diarioregionaldigital.com.br\/index.php?rest_route=\/wp\/v2\/posts\/190186\/revisions\/190188"}],"wp:featuredmedia":[{"embeddable":true,"href":"https:\/\/diarioregionaldigital.com.br\/index.php?rest_route=\/wp\/v2\/media\/190187"}],"wp:attachment":[{"href":"https:\/\/diarioregionaldigital.com.br\/index.php?rest_route=%2Fwp%2Fv2%2Fmedia&parent=190186"}],"wp:term":[{"taxonomy":"category","embeddable":true,"href":"https:\/\/diarioregionaldigital.com.br\/index.php?rest_route=%2Fwp%2Fv2%2Fcategories&post=190186"},{"taxonomy":"post_tag","embeddable":true,"href":"https:\/\/diarioregionaldigital.com.br\/index.php?rest_route=%2Fwp%2Fv2%2Ftags&post=190186"}],"curies":[{"name":"wp","href":"https:\/\/api.w.org\/{rel}","templated":true}]}}