{"id":190181,"date":"2021-10-26T06:00:25","date_gmt":"2021-10-26T09:00:25","guid":{"rendered":"https:\/\/diarioregionaldigital.com.br\/?p=190181"},"modified":"2021-10-26T00:23:32","modified_gmt":"2021-10-26T03:23:32","slug":"convocacao-de-assembleia-residencial-bela-vista-26-10-2021","status":"publish","type":"post","link":"https:\/\/diarioregionaldigital.com.br\/?p=190181","title":{"rendered":"Convoca\u00e7\u00e3o de Assembleia Residencial Bela Vista &#8211; 26\/10\/2021"},"content":{"rendered":"<p class=\"identifica\" style=\"text-align: center; background: white; margin: 22.5pt 0cm 22.5pt 0cm;\" align=\"center\"><b><span style=\"font-size: 14.5pt; font-family: 'Arial','sans-serif'; color: #162937; text-transform: uppercase;\">EDITAL DE CONVOCA\u00c7\u00c3O ASSEMBLEIA GERAL ORDIN\u00c1RIA<\/span><\/b><\/p>\n<p class=\"dou-paragraph\" style=\"text-align: justify; text-indent: 60.0pt; background: white; margin: 0cm 0cm 7.5pt 0cm;\"><span style=\"font-family: 'Arial','sans-serif'; color: #162937;\">Ficam convocados os Senhores Associados da ASSOCIA\u00c7\u00c3O DOS PROPRIET\u00c1RIOS E MORADORES DO RESIDENCIAL BELA VISTA para se reunirem em Assembleia Geral Ordin\u00e1ria no pr\u00f3ximo dia 25 de novembro de 2021, \u00e0s 19 horas, via plataforma on line, cujo link ser\u00e1 divulgado por meio eletr\u00f4nico, com a finalidade de deliberar a seguinte ordem do dia:<\/span><\/p>\n<p class=\"dou-paragraph\" style=\"text-align: justify; text-indent: 60.0pt; background: white; margin: 0cm 0cm 7.5pt 0cm;\"><span style=\"font-family: 'Arial','sans-serif'; color: #162937;\">1)Elei\u00e7\u00e3o e posse da nova Diretoria para o bi\u00eanio 2022\/2023.<\/span><\/p>\n<p class=\"dou-paragraph\" style=\"text-align: justify; text-indent: 60.0pt; background: white; margin: 0cm 0cm 7.5pt 0cm;\"><span style=\"font-family: 'Arial','sans-serif'; color: #162937;\">2)Elei\u00e7\u00e3o e posse do novo Conselho Fiscal para o bi\u00eanio 2022\/2023.<\/span><\/p>\n<p class=\"dou-paragraph\" style=\"text-align: justify; text-indent: 60.0pt; background: white; margin: 0cm 0cm 7.5pt 0cm;\"><span style=\"font-family: 'Arial','sans-serif'; color: #162937;\">3)Presta\u00e7\u00e3o de contas da Diretoria atual <\/span><\/p>\n<p class=\"dou-paragraph\" style=\"text-align: justify; text-indent: 60.0pt; background: white; margin: 0cm 0cm 7.5pt 0cm;\"><span style=\"font-family: 'Arial','sans-serif'; color: #162937;\">4)Ajuste da Tarifa de manuten\u00e7\u00e3o<\/span><\/p>\n<p class=\"dou-paragraph\" style=\"text-align: justify; text-indent: 60.0pt; background: white; margin: 0cm 0cm 7.5pt 0cm;\"><span style=\"font-family: 'Arial','sans-serif'; color: #162937;\">Na hip\u00f3tese de insufici\u00eancia de qu\u00f3rum na primeira convoca\u00e7\u00e3o, a mesma se instalar\u00e1, em 2\u00aa convoca\u00e7\u00e3o, \u00e0s 19h30 do mesmo dia, independentemente do n\u00famero de associados presentes.<\/span><\/p>\n<p class=\"data\" style=\"text-align: center; background: white; margin: 45.0pt 0cm .0001pt 0cm;\" align=\"center\"><span style=\"font-size: 13.0pt; font-family: 'Arial','sans-serif'; color: #162937;\">Matias Barbosa, 25 de Outubro de 2021.<\/span><\/p>\n<p class=\"assina\" style=\"text-align: center; background: white; margin: 15.0pt 0cm .0001pt 0cm;\" align=\"center\"><b><span style=\"font-size: 13.0pt; font-family: 'Arial','sans-serif'; color: #162937; text-transform: uppercase;\">CaRLOS ROBERTO DUARTE<\/span><\/b><\/p>\n<p class=\"cargo\" style=\"margin: 0cm; margin-bottom: .0001pt; text-align: center; background: white;\" align=\"center\"><span style=\"font-family: 'Arial','sans-serif'; color: #162937;\">Presidente da Associa\u00e7\u00e3o<\/span><\/p>\n","protected":false},"excerpt":{"rendered":"<p>EDITAL DE CONVOCA\u00c7\u00c3O ASSEMBLEIA GERAL ORDIN\u00c1RIA Ficam convocados os Senhores Associados da ASSOCIA\u00c7\u00c3O DOS PROPRIET\u00c1RIOS E MORADORES DO RESIDENCIAL BELA VISTA para se reunirem em Assembleia Geral Ordin\u00e1ria no pr\u00f3ximo dia 25 de novembro de 2021, \u00e0s 19 horas, via plataforma on line, cujo link ser\u00e1 divulgado por meio eletr\u00f4nico, com a finalidade de deliberar [&hellip;]<\/p>\n","protected":false},"author":96,"featured_media":0,"comment_status":"closed","ping_status":"closed","sticky":false,"template":"","format":"standard","meta":{"footnotes":""},"categories":[307],"tags":[],"class_list":["post-190181","post","type-post","status-publish","format-standard","hentry","category-editais"],"_links":{"self":[{"href":"https:\/\/diarioregionaldigital.com.br\/index.php?rest_route=\/wp\/v2\/posts\/190181","targetHints":{"allow":["GET"]}}],"collection":[{"href":"https:\/\/diarioregionaldigital.com.br\/index.php?rest_route=\/wp\/v2\/posts"}],"about":[{"href":"https:\/\/diarioregionaldigital.com.br\/index.php?rest_route=\/wp\/v2\/types\/post"}],"author":[{"embeddable":true,"href":"https:\/\/diarioregionaldigital.com.br\/index.php?rest_route=\/wp\/v2\/users\/96"}],"replies":[{"embeddable":true,"href":"https:\/\/diarioregionaldigital.com.br\/index.php?rest_route=%2Fwp%2Fv2%2Fcomments&post=190181"}],"version-history":[{"count":1,"href":"https:\/\/diarioregionaldigital.com.br\/index.php?rest_route=\/wp\/v2\/posts\/190181\/revisions"}],"predecessor-version":[{"id":190182,"href":"https:\/\/diarioregionaldigital.com.br\/index.php?rest_route=\/wp\/v2\/posts\/190181\/revisions\/190182"}],"wp:attachment":[{"href":"https:\/\/diarioregionaldigital.com.br\/index.php?rest_route=%2Fwp%2Fv2%2Fmedia&parent=190181"}],"wp:term":[{"taxonomy":"category","embeddable":true,"href":"https:\/\/diarioregionaldigital.com.br\/index.php?rest_route=%2Fwp%2Fv2%2Fcategories&post=190181"},{"taxonomy":"post_tag","embeddable":true,"href":"https:\/\/diarioregionaldigital.com.br\/index.php?rest_route=%2Fwp%2Fv2%2Ftags&post=190181"}],"curies":[{"name":"wp","href":"https:\/\/api.w.org\/{rel}","templated":true}]}}