{"id":190175,"date":"2021-10-25T22:20:30","date_gmt":"2021-10-26T01:20:30","guid":{"rendered":"https:\/\/diarioregionaldigital.com.br\/?p=190175"},"modified":"2021-10-25T22:20:30","modified_gmt":"2021-10-26T01:20:30","slug":"empav-realiza-intervencoes-nos-bairros-caicaras-ceramica-humaita-nossa-sra-das-gracas-e-vista-alegre","status":"publish","type":"post","link":"https:\/\/diarioregionaldigital.com.br\/?p=190175","title":{"rendered":"Empav realiza interven\u00e7\u00f5es nos bairros Cai\u00e7aras, Cer\u00e2mica, Humait\u00e1, Nossa Sra. das Gra\u00e7as e Vista Alegre"},"content":{"rendered":"<p>Segundo informa\u00e7\u00f5es do site da Prefeitura de Juiz de Fora, nesta segunda-feira, 25, equipes da Empresa Municipal de Pavimenta\u00e7\u00e3o e Urbaniza\u00e7\u00e3o (Empav) realizam interven\u00e7\u00f5es nos bairros Cai\u00e7aras, Cer\u00e2mica, Humait\u00e1, Nossa Senhora das Gra\u00e7as e Vista Alegre. Na tarde de s\u00e1bado, 23, servidores realizaram a pavimenta\u00e7\u00e3o da Rua H\u00e9lio Tom\u00e1s, no bairro Cer\u00e2mica e nos servi\u00e7os de recomposi\u00e7\u00e3o asf\u00e1ltica das avenidas Deusdedith Salgado e Juscelino Kubitschek. Dando continuidade \u00e0 programa\u00e7\u00e3o, equipes atuam tamb\u00e9m na pavimenta\u00e7\u00e3o da Avenida Francisco Bernardino, no Centro e na Rua Francisco de Almeida, no Cer\u00e2mica.<\/p>\n<p>Confira a programa\u00e7\u00e3o completa dos servi\u00e7os de pavimenta\u00e7\u00e3o e recomposi\u00e7\u00e3o asf\u00e1ltica desta segunda-feira, 25:<\/p>\n<p>Rua Jos\u00e9 Micherife &#8211; Cai\u00e7aras<br \/>\nRua Jo\u00e3o Esteves dos Reis &#8211; Cai\u00e7aras<br \/>\nRua Nelson Mascarenhas &#8211; Cai\u00e7aras<br \/>\nAvenida Dnar Rocha &#8211; Cai\u00e7aras<br \/>\nAvenida Francisco Bernardino &#8211; Centro<br \/>\nRua Francisco de Almeida &#8211; Cer\u00e2mica<br \/>\nAvenida Presidente Juscelino Kubitschek &#8211; Diversos*<br \/>\nAvenida Sebasti\u00e3o Carlos Rezende &#8211; Humait\u00e1<br \/>\nRua Lindolfo Henrique de Aquino &#8211; Humait\u00e1<br \/>\nRua Coronel Benjamin Correia &#8211; Humait\u00e1<br \/>\nRua Gr\u00e3o Mogol &#8211; Nossa Sra. das Gra\u00e7as<br \/>\nRua Domingos Lopes &#8211; Nossa Sra. das Gra\u00e7as*<br \/>\nRua Pitangui &#8211; Nossa Sra. das Gra\u00e7as<br \/>\nRua Maria Lopes &#8211; Vista Alegre<\/p>\n<p>*Servi\u00e7os seguem em andamento nessas vias<br \/>\nPara solicitar estes e outros servi\u00e7os, entre em contato com o Gabinete de A\u00e7\u00e3o e Di\u00e1logo Comunit\u00e1rio, que recebe e organiza pedidos relativos a interven\u00e7\u00f5es e melhorias urbanas. O contato pode ser feito atrav\u00e9s de liga\u00e7\u00e3o telef\u00f4nica pelo n\u00famero (32) 3690-7241 ou via WhatsApp, utilizando o mesmo n\u00famero.<\/p>\n","protected":false},"excerpt":{"rendered":"<p>Segundo informa\u00e7\u00f5es do site da Prefeitura de Juiz de Fora, nesta segunda-feira, 25, equipes da Empresa Municipal de Pavimenta\u00e7\u00e3o e Urbaniza\u00e7\u00e3o (Empav) realizam interven\u00e7\u00f5es nos bairros Cai\u00e7aras, Cer\u00e2mica, Humait\u00e1, Nossa Senhora das Gra\u00e7as e Vista Alegre. Na tarde de s\u00e1bado, 23, servidores realizaram a pavimenta\u00e7\u00e3o da Rua H\u00e9lio Tom\u00e1s, no bairro Cer\u00e2mica e nos servi\u00e7os [&hellip;]<\/p>\n","protected":false},"author":246,"featured_media":190176,"comment_status":"closed","ping_status":"closed","sticky":false,"template":"","format":"standard","meta":{"footnotes":""},"categories":[253,436],"tags":[],"class_list":["post-190175","post","type-post","status-publish","format-standard","has-post-thumbnail","hentry","category-cidade","category-destaque-da-semana"],"_links":{"self":[{"href":"https:\/\/diarioregionaldigital.com.br\/index.php?rest_route=\/wp\/v2\/posts\/190175","targetHints":{"allow":["GET"]}}],"collection":[{"href":"https:\/\/diarioregionaldigital.com.br\/index.php?rest_route=\/wp\/v2\/posts"}],"about":[{"href":"https:\/\/diarioregionaldigital.com.br\/index.php?rest_route=\/wp\/v2\/types\/post"}],"author":[{"embeddable":true,"href":"https:\/\/diarioregionaldigital.com.br\/index.php?rest_route=\/wp\/v2\/users\/246"}],"replies":[{"embeddable":true,"href":"https:\/\/diarioregionaldigital.com.br\/index.php?rest_route=%2Fwp%2Fv2%2Fcomments&post=190175"}],"version-history":[{"count":2,"href":"https:\/\/diarioregionaldigital.com.br\/index.php?rest_route=\/wp\/v2\/posts\/190175\/revisions"}],"predecessor-version":[{"id":190178,"href":"https:\/\/diarioregionaldigital.com.br\/index.php?rest_route=\/wp\/v2\/posts\/190175\/revisions\/190178"}],"wp:featuredmedia":[{"embeddable":true,"href":"https:\/\/diarioregionaldigital.com.br\/index.php?rest_route=\/wp\/v2\/media\/190176"}],"wp:attachment":[{"href":"https:\/\/diarioregionaldigital.com.br\/index.php?rest_route=%2Fwp%2Fv2%2Fmedia&parent=190175"}],"wp:term":[{"taxonomy":"category","embeddable":true,"href":"https:\/\/diarioregionaldigital.com.br\/index.php?rest_route=%2Fwp%2Fv2%2Fcategories&post=190175"},{"taxonomy":"post_tag","embeddable":true,"href":"https:\/\/diarioregionaldigital.com.br\/index.php?rest_route=%2Fwp%2Fv2%2Ftags&post=190175"}],"curies":[{"name":"wp","href":"https:\/\/api.w.org\/{rel}","templated":true}]}}