{"id":190172,"date":"2021-10-25T20:53:48","date_gmt":"2021-10-25T23:53:48","guid":{"rendered":"https:\/\/diarioregionaldigital.com.br\/?p=190172"},"modified":"2021-10-25T20:53:48","modified_gmt":"2021-10-25T23:53:48","slug":"linhas-711-714-e-754-farao-atendimento-ao-senai-da-barreira-do-triunfo","status":"publish","type":"post","link":"https:\/\/diarioregionaldigital.com.br\/?p=190172","title":{"rendered":"Linhas 711, 714 e 754 far\u00e3o atendimento ao Senai da Barreira do Triunfo"},"content":{"rendered":"<p>A partir desta segunda-feira, 25, a linha 754 (Circular Benfica\/Senai \u2013 Via BR-040) volta a operar em virtude do retorno das aulas do Servi\u00e7o Nacional de Aprendizagem Industrial (Senai), localizado na Rodovia BR-040, km 773, no bairro Barreira do Triunfo. A Secretaria de Mobilidade Urbana (SMU) da Prefeitura de Juiz de Fora (PJF) vai disponibilizar \u00f4nibus nos dias \u00fateis, com sa\u00eddas do Bairro Benfica e idas at\u00e9 o Senai pela BR-040.<\/p>\n<p>Segundo informa\u00e7\u00f5es do site da Prefeitura de Juiz de Fora, a SMU tamb\u00e9m promoveu extens\u00e3o do itiner\u00e1rio at\u00e9 o Senai das linhas 711 (Barreira), somente no hor\u00e1rio com sa\u00edda do Centro \u00e0s 6h40 e 714 (Chap\u00e9u DUvas) no hor\u00e1rio 12h &#8211; sa\u00edda do bairro.<\/p>\n<p><b>Confira os hor\u00e1rios da linha 754 (Circular Benfica\/Senai \u2013 Via BR-040):<\/b><\/p>\n<p>Sa\u00eddas de Benfica: 7h25, 11h45, 12h30 e 16h45<\/p>\n<p>Sa\u00eddas Senai: 7h50, 12h10, 12h55 e 17h10<\/p>\n<p>711 (Barreira), com sa\u00edda do centro \u00e0s 6h40.<\/p>\n<p>714 (Chap\u00e9u DUvas), com sa\u00edda do bairro \u00e0s 12h.<\/p>\n","protected":false},"excerpt":{"rendered":"<p>A partir desta segunda-feira, 25, a linha 754 (Circular Benfica\/Senai \u2013 Via BR-040) volta a operar em virtude do retorno das aulas do Servi\u00e7o Nacional de Aprendizagem Industrial (Senai), localizado na Rodovia BR-040, km 773, no bairro Barreira do Triunfo. A Secretaria de Mobilidade Urbana (SMU) da Prefeitura de Juiz de Fora (PJF) vai disponibilizar [&hellip;]<\/p>\n","protected":false},"author":246,"featured_media":190173,"comment_status":"closed","ping_status":"closed","sticky":false,"template":"","format":"standard","meta":{"footnotes":""},"categories":[253,436],"tags":[],"class_list":["post-190172","post","type-post","status-publish","format-standard","has-post-thumbnail","hentry","category-cidade","category-destaque-da-semana"],"_links":{"self":[{"href":"https:\/\/diarioregionaldigital.com.br\/index.php?rest_route=\/wp\/v2\/posts\/190172","targetHints":{"allow":["GET"]}}],"collection":[{"href":"https:\/\/diarioregionaldigital.com.br\/index.php?rest_route=\/wp\/v2\/posts"}],"about":[{"href":"https:\/\/diarioregionaldigital.com.br\/index.php?rest_route=\/wp\/v2\/types\/post"}],"author":[{"embeddable":true,"href":"https:\/\/diarioregionaldigital.com.br\/index.php?rest_route=\/wp\/v2\/users\/246"}],"replies":[{"embeddable":true,"href":"https:\/\/diarioregionaldigital.com.br\/index.php?rest_route=%2Fwp%2Fv2%2Fcomments&post=190172"}],"version-history":[{"count":1,"href":"https:\/\/diarioregionaldigital.com.br\/index.php?rest_route=\/wp\/v2\/posts\/190172\/revisions"}],"predecessor-version":[{"id":190174,"href":"https:\/\/diarioregionaldigital.com.br\/index.php?rest_route=\/wp\/v2\/posts\/190172\/revisions\/190174"}],"wp:featuredmedia":[{"embeddable":true,"href":"https:\/\/diarioregionaldigital.com.br\/index.php?rest_route=\/wp\/v2\/media\/190173"}],"wp:attachment":[{"href":"https:\/\/diarioregionaldigital.com.br\/index.php?rest_route=%2Fwp%2Fv2%2Fmedia&parent=190172"}],"wp:term":[{"taxonomy":"category","embeddable":true,"href":"https:\/\/diarioregionaldigital.com.br\/index.php?rest_route=%2Fwp%2Fv2%2Fcategories&post=190172"},{"taxonomy":"post_tag","embeddable":true,"href":"https:\/\/diarioregionaldigital.com.br\/index.php?rest_route=%2Fwp%2Fv2%2Ftags&post=190172"}],"curies":[{"name":"wp","href":"https:\/\/api.w.org\/{rel}","templated":true}]}}