{"id":190166,"date":"2021-10-25T20:46:23","date_gmt":"2021-10-25T23:46:23","guid":{"rendered":"https:\/\/diarioregionaldigital.com.br\/?p=190166"},"modified":"2021-10-25T20:46:23","modified_gmt":"2021-10-25T23:46:23","slug":"prefeitura-realiza-pagamento-dos-servidores-na-sexta-feira-29","status":"publish","type":"post","link":"https:\/\/diarioregionaldigital.com.br\/?p=190166","title":{"rendered":"Prefeitura realiza pagamento dos servidores na sexta-feira, 29"},"content":{"rendered":"<p>Segundo informa\u00e7\u00f5es do site da Prefeitura de Juiz de Fora, em valoriza\u00e7\u00e3o ao Dia do Servidor, a Prefeitura de Juiz de Fora (PJF) antecipar\u00e1 o pagamento dos servidores da Prefeitura de Juiz de Fora (PJF) referente ao m\u00eas de outubro, quitando os vencimentos na pr\u00f3xima sexta-feira, dia 29. A data foi confirmada pelas secretarias de Recursos Humanos (SRH) e da Fazenda (SF). O contracheque estar\u00e1 dispon\u00edvel a partir desta segunda-feira, dia 25, no site da PJF.<\/p>\n","protected":false},"excerpt":{"rendered":"<p>Segundo informa\u00e7\u00f5es do site da Prefeitura de Juiz de Fora, em valoriza\u00e7\u00e3o ao Dia do Servidor, a Prefeitura de Juiz de Fora (PJF) antecipar\u00e1 o pagamento dos servidores da Prefeitura de Juiz de Fora (PJF) referente ao m\u00eas de outubro, quitando os vencimentos na pr\u00f3xima sexta-feira, dia 29. A data foi confirmada pelas secretarias de [&hellip;]<\/p>\n","protected":false},"author":246,"featured_media":190167,"comment_status":"closed","ping_status":"closed","sticky":false,"template":"","format":"standard","meta":{"footnotes":""},"categories":[253,436,440],"tags":[],"class_list":["post-190166","post","type-post","status-publish","format-standard","has-post-thumbnail","hentry","category-cidade","category-destaque-da-semana","category-destaques-do-dia"],"_links":{"self":[{"href":"https:\/\/diarioregionaldigital.com.br\/index.php?rest_route=\/wp\/v2\/posts\/190166","targetHints":{"allow":["GET"]}}],"collection":[{"href":"https:\/\/diarioregionaldigital.com.br\/index.php?rest_route=\/wp\/v2\/posts"}],"about":[{"href":"https:\/\/diarioregionaldigital.com.br\/index.php?rest_route=\/wp\/v2\/types\/post"}],"author":[{"embeddable":true,"href":"https:\/\/diarioregionaldigital.com.br\/index.php?rest_route=\/wp\/v2\/users\/246"}],"replies":[{"embeddable":true,"href":"https:\/\/diarioregionaldigital.com.br\/index.php?rest_route=%2Fwp%2Fv2%2Fcomments&post=190166"}],"version-history":[{"count":1,"href":"https:\/\/diarioregionaldigital.com.br\/index.php?rest_route=\/wp\/v2\/posts\/190166\/revisions"}],"predecessor-version":[{"id":190168,"href":"https:\/\/diarioregionaldigital.com.br\/index.php?rest_route=\/wp\/v2\/posts\/190166\/revisions\/190168"}],"wp:featuredmedia":[{"embeddable":true,"href":"https:\/\/diarioregionaldigital.com.br\/index.php?rest_route=\/wp\/v2\/media\/190167"}],"wp:attachment":[{"href":"https:\/\/diarioregionaldigital.com.br\/index.php?rest_route=%2Fwp%2Fv2%2Fmedia&parent=190166"}],"wp:term":[{"taxonomy":"category","embeddable":true,"href":"https:\/\/diarioregionaldigital.com.br\/index.php?rest_route=%2Fwp%2Fv2%2Fcategories&post=190166"},{"taxonomy":"post_tag","embeddable":true,"href":"https:\/\/diarioregionaldigital.com.br\/index.php?rest_route=%2Fwp%2Fv2%2Ftags&post=190166"}],"curies":[{"name":"wp","href":"https:\/\/api.w.org\/{rel}","templated":true}]}}