{"id":190163,"date":"2021-10-25T20:38:45","date_gmt":"2021-10-25T23:38:45","guid":{"rendered":"https:\/\/diarioregionaldigital.com.br\/?p=190163"},"modified":"2021-10-25T20:38:45","modified_gmt":"2021-10-25T23:38:45","slug":"copa-do-brasil-athletico-pr-se-concentra-no-flamengo","status":"publish","type":"post","link":"https:\/\/diarioregionaldigital.com.br\/?p=190163","title":{"rendered":"Copa do Brasil: Athletico-PR se concentra no Flamengo"},"content":{"rendered":"<p>O Athletico-PR foi derrotado por 3 a 0 pelo Fortaleza (no \u00faltimo s\u00e1bado pelo Campeonato Brasileiro), em partida na qual poupou os titulares pensando no confronto de volta da semifinal da Copa do Brasil, na pr\u00f3xima quarta-feira (27) no est\u00e1dio do Maracan\u00e3 contra o Flamengo.<img decoding=\"async\" src=\"https:\/\/agenciabrasil.ebc.com.br\/ebc.png?id=1425530&amp;o=node\" \/><img decoding=\"async\" src=\"https:\/\/agenciabrasil.ebc.com.br\/ebc.gif?id=1425530&amp;o=node\" \/><\/p>\n<p>\u201cTemos que nos preparar, independente de como venha o advers\u00e1rio, se desfalcado ou caindo de produ\u00e7\u00e3o\u201d, declarou o t\u00e9cnico Alberto Valentim ap\u00f3s o rev\u00e9s diante do Tricolor do Pici.<\/p>\n<p>Al\u00e9m de semifinalista da Copa do Brasil, o Furac\u00e3o est\u00e1 na decis\u00e3o da Copa Sul-Americana, onde mede for\u00e7as com o Bragantino. J\u00e1 no Campeonato Brasileiro, o Athletico-PR ocupa a 11\u00aa coloca\u00e7\u00e3o, com 34 pontos, e enfrenta o Santos no pr\u00f3ximo s\u00e1bado (30) na Arena da Baixada.<\/p>\n<p><span style=\"font-weight: 400;\"><br \/>\n<\/span><span style=\"font-weight: 400;\">Fonte: Ag\u00eancia Brasil <\/span><\/p>\n","protected":false},"excerpt":{"rendered":"<p>O Athletico-PR foi derrotado por 3 a 0 pelo Fortaleza (no \u00faltimo s\u00e1bado pelo Campeonato Brasileiro), em partida na qual poupou os titulares pensando no confronto de volta da semifinal da Copa do Brasil, na pr\u00f3xima quarta-feira (27) no est\u00e1dio do Maracan\u00e3 contra o Flamengo. \u201cTemos que nos preparar, independente de como venha o advers\u00e1rio, [&hellip;]<\/p>\n","protected":false},"author":246,"featured_media":190164,"comment_status":"closed","ping_status":"closed","sticky":false,"template":"","format":"standard","meta":{"footnotes":""},"categories":[436,257],"tags":[],"class_list":["post-190163","post","type-post","status-publish","format-standard","has-post-thumbnail","hentry","category-destaque-da-semana","category-esporte"],"_links":{"self":[{"href":"https:\/\/diarioregionaldigital.com.br\/index.php?rest_route=\/wp\/v2\/posts\/190163","targetHints":{"allow":["GET"]}}],"collection":[{"href":"https:\/\/diarioregionaldigital.com.br\/index.php?rest_route=\/wp\/v2\/posts"}],"about":[{"href":"https:\/\/diarioregionaldigital.com.br\/index.php?rest_route=\/wp\/v2\/types\/post"}],"author":[{"embeddable":true,"href":"https:\/\/diarioregionaldigital.com.br\/index.php?rest_route=\/wp\/v2\/users\/246"}],"replies":[{"embeddable":true,"href":"https:\/\/diarioregionaldigital.com.br\/index.php?rest_route=%2Fwp%2Fv2%2Fcomments&post=190163"}],"version-history":[{"count":1,"href":"https:\/\/diarioregionaldigital.com.br\/index.php?rest_route=\/wp\/v2\/posts\/190163\/revisions"}],"predecessor-version":[{"id":190165,"href":"https:\/\/diarioregionaldigital.com.br\/index.php?rest_route=\/wp\/v2\/posts\/190163\/revisions\/190165"}],"wp:featuredmedia":[{"embeddable":true,"href":"https:\/\/diarioregionaldigital.com.br\/index.php?rest_route=\/wp\/v2\/media\/190164"}],"wp:attachment":[{"href":"https:\/\/diarioregionaldigital.com.br\/index.php?rest_route=%2Fwp%2Fv2%2Fmedia&parent=190163"}],"wp:term":[{"taxonomy":"category","embeddable":true,"href":"https:\/\/diarioregionaldigital.com.br\/index.php?rest_route=%2Fwp%2Fv2%2Fcategories&post=190163"},{"taxonomy":"post_tag","embeddable":true,"href":"https:\/\/diarioregionaldigital.com.br\/index.php?rest_route=%2Fwp%2Fv2%2Ftags&post=190163"}],"curies":[{"name":"wp","href":"https:\/\/api.w.org\/{rel}","templated":true}]}}