{"id":190160,"date":"2021-10-25T20:36:56","date_gmt":"2021-10-25T23:36:56","guid":{"rendered":"https:\/\/diarioregionaldigital.com.br\/?p=190160"},"modified":"2021-10-25T20:36:56","modified_gmt":"2021-10-25T23:36:56","slug":"firmino-da-aula-como-falso-9-diz-klopp-apos-goleada-do-liverpool","status":"publish","type":"post","link":"https:\/\/diarioregionaldigital.com.br\/?p=190160","title":{"rendered":"Firmino d\u00e1 aula como falso 9, diz Klopp ap\u00f3s goleada do Liverpool"},"content":{"rendered":"<p>O atacante eg\u00edpcio Mohamed Salah ocupou os holofotes ao marcar tr\u00eas gols para o Liverpool na goleada de 5 a 0 sobre o Manchester United no \u00faltimo domingo (24), mas o t\u00e9cnico alem\u00e3o J\u00fcrgen Klopp ficou fascinado com o desempenho do brasileiro Roberto Firmino como falso 9.<img decoding=\"async\" src=\"https:\/\/agenciabrasil.ebc.com.br\/ebc.png?id=1425533&amp;o=node\" \/><img decoding=\"async\" src=\"https:\/\/agenciabrasil.ebc.com.br\/ebc.gif?id=1425533&amp;o=node\" \/><\/p>\n<p>Salah acumula 15 gols em todas as competi\u00e7\u00f5es nesta temporada, enquanto Firmino, que atua como atacante, mas joga mais recuado para amarrar as jogadas, tem seis.<\/p>\n<p>\u201cMo [Salah] recebe muita aten\u00e7\u00e3o, e com raz\u00e3o, mas Bobby [Firmino], para pessoas com conhecimento de futebol, estou convencido de que, quando ele parar de jogar, as pessoas escrever\u00e3o livros sobre a maneira como ele interpretou a posi\u00e7\u00e3o do falso 9\u201d, declarou Klopp.<\/p>\n<p>\u201cN\u00e3o digo que ele a inventou, ou que n\u00f3s a inventamos, mas pela maneira como ele joga, de vez em quando parece que sim! Existem coisas diferentes para se fazer no gramado. Algumas delas s\u00e3o defensivas, e o que ele fez neste departamento esta noite [domingo] foi absolutamente insano. Ofensivamente, ele \u00e9 um \u00f3timo jogador de liga\u00e7\u00e3o e tamb\u00e9m finaliza de tempos em tempos\u201d, afirmou o alem\u00e3o.<\/p>\n<p>O Liverpool \u00e9 o segundo colocado do Campeonato Ingl\u00eas com 21 pontos ap\u00f3s nove jogos, um ponto atr\u00e1s do Chelsea.<\/p>\n<p><span style=\"font-weight: 400;\"><br \/>\n<\/span><span style=\"font-weight: 400;\">Fonte: Ag\u00eancia Brasil <\/span><\/p>\n","protected":false},"excerpt":{"rendered":"<p>O atacante eg\u00edpcio Mohamed Salah ocupou os holofotes ao marcar tr\u00eas gols para o Liverpool na goleada de 5 a 0 sobre o Manchester United no \u00faltimo domingo (24), mas o t\u00e9cnico alem\u00e3o J\u00fcrgen Klopp ficou fascinado com o desempenho do brasileiro Roberto Firmino como falso 9. Salah acumula 15 gols em todas as competi\u00e7\u00f5es [&hellip;]<\/p>\n","protected":false},"author":246,"featured_media":190161,"comment_status":"closed","ping_status":"closed","sticky":false,"template":"","format":"standard","meta":{"footnotes":""},"categories":[436,257],"tags":[],"class_list":["post-190160","post","type-post","status-publish","format-standard","has-post-thumbnail","hentry","category-destaque-da-semana","category-esporte"],"_links":{"self":[{"href":"https:\/\/diarioregionaldigital.com.br\/index.php?rest_route=\/wp\/v2\/posts\/190160","targetHints":{"allow":["GET"]}}],"collection":[{"href":"https:\/\/diarioregionaldigital.com.br\/index.php?rest_route=\/wp\/v2\/posts"}],"about":[{"href":"https:\/\/diarioregionaldigital.com.br\/index.php?rest_route=\/wp\/v2\/types\/post"}],"author":[{"embeddable":true,"href":"https:\/\/diarioregionaldigital.com.br\/index.php?rest_route=\/wp\/v2\/users\/246"}],"replies":[{"embeddable":true,"href":"https:\/\/diarioregionaldigital.com.br\/index.php?rest_route=%2Fwp%2Fv2%2Fcomments&post=190160"}],"version-history":[{"count":1,"href":"https:\/\/diarioregionaldigital.com.br\/index.php?rest_route=\/wp\/v2\/posts\/190160\/revisions"}],"predecessor-version":[{"id":190162,"href":"https:\/\/diarioregionaldigital.com.br\/index.php?rest_route=\/wp\/v2\/posts\/190160\/revisions\/190162"}],"wp:featuredmedia":[{"embeddable":true,"href":"https:\/\/diarioregionaldigital.com.br\/index.php?rest_route=\/wp\/v2\/media\/190161"}],"wp:attachment":[{"href":"https:\/\/diarioregionaldigital.com.br\/index.php?rest_route=%2Fwp%2Fv2%2Fmedia&parent=190160"}],"wp:term":[{"taxonomy":"category","embeddable":true,"href":"https:\/\/diarioregionaldigital.com.br\/index.php?rest_route=%2Fwp%2Fv2%2Fcategories&post=190160"},{"taxonomy":"post_tag","embeddable":true,"href":"https:\/\/diarioregionaldigital.com.br\/index.php?rest_route=%2Fwp%2Fv2%2Ftags&post=190160"}],"curies":[{"name":"wp","href":"https:\/\/api.w.org\/{rel}","templated":true}]}}