{"id":190157,"date":"2021-10-25T20:34:51","date_gmt":"2021-10-25T23:34:51","guid":{"rendered":"https:\/\/diarioregionaldigital.com.br\/?p=190157"},"modified":"2021-10-25T20:34:51","modified_gmt":"2021-10-25T23:34:51","slug":"handebol-duda-amorim-anuncia-aposentadoria-da-selecao","status":"publish","type":"post","link":"https:\/\/diarioregionaldigital.com.br\/?p=190157","title":{"rendered":"Handebol: Duda Amorim anuncia aposentadoria da sele\u00e7\u00e3o"},"content":{"rendered":"<p>A armadora Duda Amorim anunciou nesta segunda-feira (25) a aposentadoria da sele\u00e7\u00e3o feminina de handebol. A atleta de 35 anos fez hist\u00f3ria na equipe, conquistando o t\u00edtulo do Mundial de 2013 e tr\u00eas edi\u00e7\u00f5es do Pan-Americano (2007, 2011 e 2019), al\u00e9m de ser escolhida em uma oportunidade como a melhor jogadora do mundo (2014).<img decoding=\"async\" src=\"https:\/\/agenciabrasil.ebc.com.br\/ebc.png?id=1425544&amp;o=node\" \/><img decoding=\"async\" src=\"https:\/\/agenciabrasil.ebc.com.br\/ebc.gif?id=1425544&amp;o=node\" \/><\/p>\n<p>\u201cOficialmente, venho trazer a not\u00edcia da minha aposentadoria na sele\u00e7\u00e3o brasileira. J\u00e1 antes da pandemia [de covid-19], havia pensado em parar ap\u00f3s as Olimp\u00edadas de T\u00f3quio. Agora posso anunciar, com paz no cora\u00e7\u00e3o, essa minha decis\u00e3o. Orgulhosa e com sensa\u00e7\u00e3o de dever cumprido de ter vestido a camiseta do meu pa\u00eds por tantos anos, sempre dando o meu m\u00e1ximo e aprendendo muito. Me sinto muito honrada por ter representado o Brasil em todas as oportunidades que me foram dadas\u201d, publicou Duda em suas redes sociais.<\/p>\n<p>Horas ap\u00f3s o an\u00fancio da jogadora, a Confedera\u00e7\u00e3o Brasileira de Handebol se pronunciou por meio de suas redes sociais: \u201cDuda \u00e9 a cara do Brasil. Do Brasil vencedor. De uma gera\u00e7\u00e3o que encantou o brasileiro e elevou o status do handebol no pa\u00eds. Por onde passou, se destacou, venceu, levantou ta\u00e7as, ganhou medalhas. \u00c9 campe\u00e3\u201d.<\/p>\n<p>Quem tamb\u00e9m expressou sua gratid\u00e3o \u00e0 atleta foi o Comit\u00ea Ol\u00edmpico do Brasil (COB), que recordou a participa\u00e7\u00e3o de Duda Amorim em quatro edi\u00e7\u00f5es de Jogos Ol\u00edmpicos: \u201cObrigado por tudo! Voc\u00ea \u00e9 inspira\u00e7\u00e3o para a nossa gera\u00e7\u00e3o\u201d.<\/p>\n<p><span style=\"font-weight: 400;\"><br \/>\n<\/span><span style=\"font-weight: 400;\">Fonte: Ag\u00eancia Brasil <\/span><\/p>\n","protected":false},"excerpt":{"rendered":"<p>A armadora Duda Amorim anunciou nesta segunda-feira (25) a aposentadoria da sele\u00e7\u00e3o feminina de handebol. A atleta de 35 anos fez hist\u00f3ria na equipe, conquistando o t\u00edtulo do Mundial de 2013 e tr\u00eas edi\u00e7\u00f5es do Pan-Americano (2007, 2011 e 2019), al\u00e9m de ser escolhida em uma oportunidade como a melhor jogadora do mundo (2014). \u201cOficialmente, [&hellip;]<\/p>\n","protected":false},"author":246,"featured_media":190158,"comment_status":"closed","ping_status":"closed","sticky":false,"template":"","format":"standard","meta":{"footnotes":""},"categories":[436,257],"tags":[],"class_list":["post-190157","post","type-post","status-publish","format-standard","has-post-thumbnail","hentry","category-destaque-da-semana","category-esporte"],"_links":{"self":[{"href":"https:\/\/diarioregionaldigital.com.br\/index.php?rest_route=\/wp\/v2\/posts\/190157","targetHints":{"allow":["GET"]}}],"collection":[{"href":"https:\/\/diarioregionaldigital.com.br\/index.php?rest_route=\/wp\/v2\/posts"}],"about":[{"href":"https:\/\/diarioregionaldigital.com.br\/index.php?rest_route=\/wp\/v2\/types\/post"}],"author":[{"embeddable":true,"href":"https:\/\/diarioregionaldigital.com.br\/index.php?rest_route=\/wp\/v2\/users\/246"}],"replies":[{"embeddable":true,"href":"https:\/\/diarioregionaldigital.com.br\/index.php?rest_route=%2Fwp%2Fv2%2Fcomments&post=190157"}],"version-history":[{"count":1,"href":"https:\/\/diarioregionaldigital.com.br\/index.php?rest_route=\/wp\/v2\/posts\/190157\/revisions"}],"predecessor-version":[{"id":190159,"href":"https:\/\/diarioregionaldigital.com.br\/index.php?rest_route=\/wp\/v2\/posts\/190157\/revisions\/190159"}],"wp:featuredmedia":[{"embeddable":true,"href":"https:\/\/diarioregionaldigital.com.br\/index.php?rest_route=\/wp\/v2\/media\/190158"}],"wp:attachment":[{"href":"https:\/\/diarioregionaldigital.com.br\/index.php?rest_route=%2Fwp%2Fv2%2Fmedia&parent=190157"}],"wp:term":[{"taxonomy":"category","embeddable":true,"href":"https:\/\/diarioregionaldigital.com.br\/index.php?rest_route=%2Fwp%2Fv2%2Fcategories&post=190157"},{"taxonomy":"post_tag","embeddable":true,"href":"https:\/\/diarioregionaldigital.com.br\/index.php?rest_route=%2Fwp%2Fv2%2Ftags&post=190157"}],"curies":[{"name":"wp","href":"https:\/\/api.w.org\/{rel}","templated":true}]}}