{"id":190154,"date":"2021-10-25T20:32:29","date_gmt":"2021-10-25T23:32:29","guid":{"rendered":"https:\/\/diarioregionaldigital.com.br\/?p=190154"},"modified":"2021-10-25T20:32:29","modified_gmt":"2021-10-25T23:32:29","slug":"brasil-estreia-com-vitorias-no-mundial-de-boxe-masculino","status":"publish","type":"post","link":"https:\/\/diarioregionaldigital.com.br\/?p=190154","title":{"rendered":"Brasil estreia com vit\u00f3rias no Mundial de boxe masculino"},"content":{"rendered":"<p>O Brasil estreou muito bem no Mundial de boxe masculino realizado na S\u00e9rvia. Em \u00f3tima apresenta\u00e7\u00e3o diante do tailand\u00eas Atichai Phoemsap na categoria at\u00e9 67 kg, o brasileiro Wanderson Oliveira venceu por nocaute t\u00e9cnico no terceiro round nesta segunda-feira (25).<img decoding=\"async\" src=\"https:\/\/agenciabrasil.ebc.com.br\/ebc.png?id=1425559&amp;o=node\" \/><img decoding=\"async\" src=\"https:\/\/agenciabrasil.ebc.com.br\/ebc.gif?id=1425559&amp;o=node\" \/><\/p>\n<p>A vit\u00f3ria teve um significado especial porque Phoemsap \u00e9 o campe\u00e3o Mundial de boxe juvenil de 2018. Wanderson volta a entrar novamente no ringue na pr\u00f3xima quinta-feira (28), desta vez contra o croata Antonio Tkalcic.<\/p>\n<p>Tamb\u00e9m nesta segunda, Luiz Oliveira, na categoria at\u00e9 57 kg, passou por Tso Yu, de Hong Kong. Seu pr\u00f3ximo desafio ser\u00e1 contra o italiano Rafaelle Di Serio, na quinta-feira.<\/p>\n<p><strong>Pr\u00f3ximas lutas<\/strong><\/p>\n<p>O Brasil volta a entrar no ringue nesta ter\u00e7a-feira (26), quando Ronaldo Silva enfrenta Po-We Tu, de Taipei Chinesa, na categoria at\u00e9 51 kg. J\u00e1 Luiz Fernando (71kg) ter\u00e1 pela frente o escoc\u00eas Stephen Newns. Por fim, Wanderley Pereira (75kg) pega o cubano Felicial Martinez.<\/p>\n<p><span style=\"font-weight: 400;\">Fonte: Ag\u00eancia Brasil <\/span><\/p>\n","protected":false},"excerpt":{"rendered":"<p>O Brasil estreou muito bem no Mundial de boxe masculino realizado na S\u00e9rvia. Em \u00f3tima apresenta\u00e7\u00e3o diante do tailand\u00eas Atichai Phoemsap na categoria at\u00e9 67 kg, o brasileiro Wanderson Oliveira venceu por nocaute t\u00e9cnico no terceiro round nesta segunda-feira (25). A vit\u00f3ria teve um significado especial porque Phoemsap \u00e9 o campe\u00e3o Mundial de boxe juvenil [&hellip;]<\/p>\n","protected":false},"author":246,"featured_media":190155,"comment_status":"closed","ping_status":"closed","sticky":false,"template":"","format":"standard","meta":{"footnotes":""},"categories":[436,440,257],"tags":[],"class_list":["post-190154","post","type-post","status-publish","format-standard","has-post-thumbnail","hentry","category-destaque-da-semana","category-destaques-do-dia","category-esporte"],"_links":{"self":[{"href":"https:\/\/diarioregionaldigital.com.br\/index.php?rest_route=\/wp\/v2\/posts\/190154","targetHints":{"allow":["GET"]}}],"collection":[{"href":"https:\/\/diarioregionaldigital.com.br\/index.php?rest_route=\/wp\/v2\/posts"}],"about":[{"href":"https:\/\/diarioregionaldigital.com.br\/index.php?rest_route=\/wp\/v2\/types\/post"}],"author":[{"embeddable":true,"href":"https:\/\/diarioregionaldigital.com.br\/index.php?rest_route=\/wp\/v2\/users\/246"}],"replies":[{"embeddable":true,"href":"https:\/\/diarioregionaldigital.com.br\/index.php?rest_route=%2Fwp%2Fv2%2Fcomments&post=190154"}],"version-history":[{"count":1,"href":"https:\/\/diarioregionaldigital.com.br\/index.php?rest_route=\/wp\/v2\/posts\/190154\/revisions"}],"predecessor-version":[{"id":190156,"href":"https:\/\/diarioregionaldigital.com.br\/index.php?rest_route=\/wp\/v2\/posts\/190154\/revisions\/190156"}],"wp:featuredmedia":[{"embeddable":true,"href":"https:\/\/diarioregionaldigital.com.br\/index.php?rest_route=\/wp\/v2\/media\/190155"}],"wp:attachment":[{"href":"https:\/\/diarioregionaldigital.com.br\/index.php?rest_route=%2Fwp%2Fv2%2Fmedia&parent=190154"}],"wp:term":[{"taxonomy":"category","embeddable":true,"href":"https:\/\/diarioregionaldigital.com.br\/index.php?rest_route=%2Fwp%2Fv2%2Fcategories&post=190154"},{"taxonomy":"post_tag","embeddable":true,"href":"https:\/\/diarioregionaldigital.com.br\/index.php?rest_route=%2Fwp%2Fv2%2Ftags&post=190154"}],"curies":[{"name":"wp","href":"https:\/\/api.w.org\/{rel}","templated":true}]}}