{"id":190145,"date":"2021-10-25T20:16:59","date_gmt":"2021-10-25T23:16:59","guid":{"rendered":"https:\/\/diarioregionaldigital.com.br\/?p=190145"},"modified":"2021-10-25T20:16:59","modified_gmt":"2021-10-25T23:16:59","slug":"governo-de-minas-reajusta-em-25-o-valor-de-bolsas-da-fapemig","status":"publish","type":"post","link":"https:\/\/diarioregionaldigital.com.br\/?p=190145","title":{"rendered":"Governo de Minas reajusta em 25% o valor de bolsas da Fapemig"},"content":{"rendered":"<p>Boa not\u00edcia para os pesquisadores de Minas Gerais. O governador Romeu Zema anunciou, nesta segunda-feira (25\/10), o reajuste de 25% no valor das mensalidades das bolsas de forma\u00e7\u00e3o concedidas pela\u00a0<a href=\"http:\/\/www.fapemig.br\/pt\/\" target=\"_blank\" rel=\"noopener\">Funda\u00e7\u00e3o de Amparo \u00e0 Pesquisa do Estado de Minas Gerais (Fapemig)<\/a>.<\/p>\n<p>O reajuste beneficiar\u00e1 um total de 4.368 bolsistas, sendo bolsas de forma\u00e7\u00e3o concedidas em cotas institucionais para inicia\u00e7\u00e3o cientifica, mestrado, doutorado e p\u00f3s-doutorado, incluindo as bolsas do Programa Institucional de Inicia\u00e7\u00e3o Cient\u00edfica \u2013 PIBIC, do Programa de Apoio \u00e0 P\u00f3s-Gradua\u00e7\u00e3o &#8211; PAPG e do Programa de Capacita\u00e7\u00e3o de Recursos Humanos &#8211; PCRH.<\/p>\n<p>A recomposi\u00e7\u00e3o no valor das bolsas, por meio de recursos or\u00e7ament\u00e1rios da Fapemig, simboliza um avan\u00e7o para Minas Gerais, al\u00e9m de um incentivo adicional para a pesquisa, uma vez os valores do benef\u00edcio financeiro encontravam-se h\u00e1 muitos anos defasados, com o \u00faltimo reajuste realizado em 2013.<\/p>\n<p>A medida, aprovada pelo Conselho Curador da Fapemig no \u00faltimo m\u00eas de setembro, passa a vigorar a partir de novembro deste ano. \u201cAl\u00e9m de recompor parcialmente o valor, que se encontra defasado, esperamos atrair e manter talentos para a pesquisa no Estado de Minas Gerais\u201d, afirma o presidente da Fapemig, Paulo S\u00e9rgio Lacerda Beir\u00e3o.<\/p>\n<p><strong>A institui\u00e7\u00e3o<\/strong><\/p>\n<p>Fapemig \u00e9 a ag\u00eancia de indu\u00e7\u00e3o e fomento \u00e0 pesquisa e \u00e0 inova\u00e7\u00e3o cient\u00edfica e tecnol\u00f3gica do Estado de Minas Gerais. A forma\u00e7\u00e3o de pesquisadores est\u00e1 prevista em sua miss\u00e3o. Atualmente, a Funda\u00e7\u00e3o financia 2.839 bolsas de inicia\u00e7\u00e3o cient\u00edfica, 903 bolsas de mestrado e 626 bolsas de doutorado por meio de seus programas de forma\u00e7\u00e3o.<\/p>\n<p><span style=\"font-weight: 400;\">Fonte: Ag\u00eancia Minas <\/span><\/p>\n","protected":false},"excerpt":{"rendered":"<p>Boa not\u00edcia para os pesquisadores de Minas Gerais. O governador Romeu Zema anunciou, nesta segunda-feira (25\/10), o reajuste de 25% no valor das mensalidades das bolsas de forma\u00e7\u00e3o concedidas pela\u00a0Funda\u00e7\u00e3o de Amparo \u00e0 Pesquisa do Estado de Minas Gerais (Fapemig). O reajuste beneficiar\u00e1 um total de 4.368 bolsistas, sendo bolsas de forma\u00e7\u00e3o concedidas em cotas [&hellip;]<\/p>\n","protected":false},"author":246,"featured_media":190146,"comment_status":"closed","ping_status":"closed","sticky":false,"template":"","format":"standard","meta":{"footnotes":""},"categories":[436,254],"tags":[],"class_list":["post-190145","post","type-post","status-publish","format-standard","has-post-thumbnail","hentry","category-destaque-da-semana","category-politica"],"_links":{"self":[{"href":"https:\/\/diarioregionaldigital.com.br\/index.php?rest_route=\/wp\/v2\/posts\/190145","targetHints":{"allow":["GET"]}}],"collection":[{"href":"https:\/\/diarioregionaldigital.com.br\/index.php?rest_route=\/wp\/v2\/posts"}],"about":[{"href":"https:\/\/diarioregionaldigital.com.br\/index.php?rest_route=\/wp\/v2\/types\/post"}],"author":[{"embeddable":true,"href":"https:\/\/diarioregionaldigital.com.br\/index.php?rest_route=\/wp\/v2\/users\/246"}],"replies":[{"embeddable":true,"href":"https:\/\/diarioregionaldigital.com.br\/index.php?rest_route=%2Fwp%2Fv2%2Fcomments&post=190145"}],"version-history":[{"count":1,"href":"https:\/\/diarioregionaldigital.com.br\/index.php?rest_route=\/wp\/v2\/posts\/190145\/revisions"}],"predecessor-version":[{"id":190147,"href":"https:\/\/diarioregionaldigital.com.br\/index.php?rest_route=\/wp\/v2\/posts\/190145\/revisions\/190147"}],"wp:featuredmedia":[{"embeddable":true,"href":"https:\/\/diarioregionaldigital.com.br\/index.php?rest_route=\/wp\/v2\/media\/190146"}],"wp:attachment":[{"href":"https:\/\/diarioregionaldigital.com.br\/index.php?rest_route=%2Fwp%2Fv2%2Fmedia&parent=190145"}],"wp:term":[{"taxonomy":"category","embeddable":true,"href":"https:\/\/diarioregionaldigital.com.br\/index.php?rest_route=%2Fwp%2Fv2%2Fcategories&post=190145"},{"taxonomy":"post_tag","embeddable":true,"href":"https:\/\/diarioregionaldigital.com.br\/index.php?rest_route=%2Fwp%2Fv2%2Ftags&post=190145"}],"curies":[{"name":"wp","href":"https:\/\/api.w.org\/{rel}","templated":true}]}}