{"id":190142,"date":"2021-10-25T20:13:36","date_gmt":"2021-10-25T23:13:36","guid":{"rendered":"https:\/\/diarioregionaldigital.com.br\/?p=190142"},"modified":"2021-10-25T20:13:36","modified_gmt":"2021-10-25T23:13:36","slug":"estado-apresenta-balanco-positivo-do-transforma-minas","status":"publish","type":"post","link":"https:\/\/diarioregionaldigital.com.br\/?p=190142","title":{"rendered":"Estado apresenta balan\u00e7o positivo do Transforma Minas"},"content":{"rendered":"<p>O governador Romeu Zema e a secret\u00e1ria de\u00a0<a href=\"http:\/\/www.planejamento.mg.gov.br\/\" target=\"_blank\" rel=\"noopener\">Planejamento e Gest\u00e3o<\/a>\u00a0de Minas Gerais, Lu\u00edsa Barreto, se reuniram, nesta segunda-feira (25\/10), com coordenadores e parceiros do Transforma Minas para uma apresenta\u00e7\u00e3o do balan\u00e7o dos resultados alcan\u00e7ados pelo programa at\u00e9 agora. Cerca de 220 processos seletivos j\u00e1 foram realizados desde o lan\u00e7amento, em 2019, e 208 lideran\u00e7as foram nomeadas para cargos estrat\u00e9gicos no Estado.<\/p>\n<p>O Transforma Minas \u00e9 um programa do<a href=\"https:\/\/www.mg.gov.br\/\" target=\"_blank\" rel=\"noopener\">\u00a0Governo de Minas<\/a>, coordenado pela Secretaria de Estado de Planejamento e Gest\u00e3o (Seplag), que atua nas frentes de atra\u00e7\u00e3o, sele\u00e7\u00e3o, desenvolvimento\/desempenho e engajamento de lideran\u00e7as para a gest\u00e3o p\u00fablica estadual. Somente este ano, de janeiro a outubro, foram 28 processos seletivos realizados e 20 nomea\u00e7\u00f5es conclu\u00eddas.<\/p>\n<p>Na ocasi\u00e3o, Zema destacou a import\u00e2ncia de profissionalizar a gest\u00e3o p\u00fablica. \u201cNo passado, geralmente muitos cargos eram preenchidos por indica\u00e7\u00f5es pol\u00edticas e, com o Transforma Minas, onde h\u00e1 todo um processo seletivo, n\u00f3s estamos colocando profissionais nestas posi\u00e7\u00f5es. Fico muito satisfeito porque 80% ou mais destas vagas s\u00e3o preenchidas por funcion\u00e1rios de carreira do Estado, isto valoriza o funcion\u00e1rio que passa a ocupar cargos mais relevantes. O que o nosso governo quer \u00e9 resolver o problema do cidad\u00e3o e prestar um servi\u00e7o adequado\u201d, afirmou.<\/p>\n<p><strong>Lideran\u00e7as\u00a0<\/strong><\/p>\n<p>Para a secret\u00e1ria Lu\u00edsa Barreto, o programa \u00e9 uma forma de trazer lideran\u00e7as mais preparadas para atender as demandas da sociedade.<\/p>\n<p>&#8220;O Transforma Minas trouxe inova\u00e7\u00e3o na forma de selecionar gestores nos \u00f3rg\u00e3os p\u00fablicos, com base em crit\u00e9rios que levam em conta as compet\u00eancias dos candidatos, a capacidade de enfrentar os desafios do setor p\u00fablico e a adequa\u00e7\u00e3o ao cargo proposto, al\u00e9m de conferir transpar\u00eancia nos processos&#8221;, ressaltou.<\/p>\n<p>De acordo com a subsecret\u00e1ria de Gest\u00e3o de Pessoas da Seplag, K\u00eannya Kreppel, os resultados positivos do Transforma Minas indicam que a estrutura\u00e7\u00e3o do trabalho e consolida\u00e7\u00e3o de frentes e iniciativas para o aperfei\u00e7oamento deram certo. \u201cO objetivo de consolidar o Programa como pol\u00edtica de gest\u00e3o de pessoas tem sido alcan\u00e7ado. O resultado final \u00e9 a melhoria dos servi\u00e7os prestados pelo Estado. Por isso, o Transforma Minas j\u00e1 \u00e9 destaque em modelo de gest\u00e3o de pessoas na administra\u00e7\u00e3o p\u00fablica nacional\u201d, salientou.<\/p>\n<p>Tamb\u00e9m participaram da apresenta\u00e7\u00e3o a superintendente Central de Pol\u00edtica de Recursos Humanos da Seplag, Maria Aparecida Muniz, e os parceiros do programa: a diretora-executiva do Instituto Rep\u00fablica, Ana Paula Pellegrino, e o gerente do Instituto Gesto, Samuel Holanda.<\/p>\n<p>\u201cMinas Gerais tem sido refer\u00eancia no Brasil na gest\u00e3o de pessoas no setor p\u00fablico. O nosso grande objetivo \u00e9 ter pol\u00edticas p\u00fablicas mais efetivas. A gente quer transformar o Brasil deslanchando essa alavanca de mudan\u00e7as, que s\u00e3o as pessoas que est\u00e3o no governo de Minas\u201d, observou Ana Pellegrino.<\/p>\n<p>O representante do Instituto Gesto, Samuel Holanda, reiterou: \u201cMinas tem sido o estado que mais tem contribu\u00eddo para evoluir e inovar. Estamos falando de presta\u00e7\u00e3o de servi\u00e7os p\u00fablicos. \u00c9 para isso que o governo est\u00e1 se propondo a fazer estas mudan\u00e7as, ent\u00e3o a gente acredita que, com pessoas mais aptas a prestar servi\u00e7os p\u00fablicos, vamos conseguir ter uma sociedade melhor\u201d.<\/p>\n<p><span style=\"font-weight: 400;\">Fonte: Ag\u00eancia Minas <\/span><\/p>\n","protected":false},"excerpt":{"rendered":"<p>O governador Romeu Zema e a secret\u00e1ria de\u00a0Planejamento e Gest\u00e3o\u00a0de Minas Gerais, Lu\u00edsa Barreto, se reuniram, nesta segunda-feira (25\/10), com coordenadores e parceiros do Transforma Minas para uma apresenta\u00e7\u00e3o do balan\u00e7o dos resultados alcan\u00e7ados pelo programa at\u00e9 agora. Cerca de 220 processos seletivos j\u00e1 foram realizados desde o lan\u00e7amento, em 2019, e 208 lideran\u00e7as foram [&hellip;]<\/p>\n","protected":false},"author":246,"featured_media":190143,"comment_status":"closed","ping_status":"closed","sticky":false,"template":"","format":"standard","meta":{"footnotes":""},"categories":[436,440,254],"tags":[],"class_list":["post-190142","post","type-post","status-publish","format-standard","has-post-thumbnail","hentry","category-destaque-da-semana","category-destaques-do-dia","category-politica"],"_links":{"self":[{"href":"https:\/\/diarioregionaldigital.com.br\/index.php?rest_route=\/wp\/v2\/posts\/190142","targetHints":{"allow":["GET"]}}],"collection":[{"href":"https:\/\/diarioregionaldigital.com.br\/index.php?rest_route=\/wp\/v2\/posts"}],"about":[{"href":"https:\/\/diarioregionaldigital.com.br\/index.php?rest_route=\/wp\/v2\/types\/post"}],"author":[{"embeddable":true,"href":"https:\/\/diarioregionaldigital.com.br\/index.php?rest_route=\/wp\/v2\/users\/246"}],"replies":[{"embeddable":true,"href":"https:\/\/diarioregionaldigital.com.br\/index.php?rest_route=%2Fwp%2Fv2%2Fcomments&post=190142"}],"version-history":[{"count":1,"href":"https:\/\/diarioregionaldigital.com.br\/index.php?rest_route=\/wp\/v2\/posts\/190142\/revisions"}],"predecessor-version":[{"id":190144,"href":"https:\/\/diarioregionaldigital.com.br\/index.php?rest_route=\/wp\/v2\/posts\/190142\/revisions\/190144"}],"wp:featuredmedia":[{"embeddable":true,"href":"https:\/\/diarioregionaldigital.com.br\/index.php?rest_route=\/wp\/v2\/media\/190143"}],"wp:attachment":[{"href":"https:\/\/diarioregionaldigital.com.br\/index.php?rest_route=%2Fwp%2Fv2%2Fmedia&parent=190142"}],"wp:term":[{"taxonomy":"category","embeddable":true,"href":"https:\/\/diarioregionaldigital.com.br\/index.php?rest_route=%2Fwp%2Fv2%2Fcategories&post=190142"},{"taxonomy":"post_tag","embeddable":true,"href":"https:\/\/diarioregionaldigital.com.br\/index.php?rest_route=%2Fwp%2Fv2%2Ftags&post=190142"}],"curies":[{"name":"wp","href":"https:\/\/api.w.org\/{rel}","templated":true}]}}