{"id":190130,"date":"2021-10-25T19:57:02","date_gmt":"2021-10-25T22:57:02","guid":{"rendered":"https:\/\/diarioregionaldigital.com.br\/?p=190130"},"modified":"2021-10-25T19:57:02","modified_gmt":"2021-10-25T22:57:02","slug":"dolar-cai-para-r-555-em-dia-de-ajustes-no-mercado","status":"publish","type":"post","link":"https:\/\/diarioregionaldigital.com.br\/?p=190130","title":{"rendered":"D\u00f3lar cai para R$ 5,55 em dia de ajustes no mercado"},"content":{"rendered":"<p>Num dia de ajustes no mercado ap\u00f3s as turbul\u00eancias da \u00faltima semana, o d\u00f3lar caiu e a bolsa recuperou-se. Al\u00e9m do movimento de al\u00edvio tempor\u00e1rio no cen\u00e1rio nacional, o mercado internacional contribuiu, com as moedas dos principais pa\u00edses emergentes recuperando-se.<img decoding=\"async\" src=\"https:\/\/agenciabrasil.ebc.com.br\/ebc.png?id=1425542&amp;o=node\" \/><img decoding=\"async\" src=\"https:\/\/agenciabrasil.ebc.com.br\/ebc.gif?id=1425542&amp;o=node\" \/><\/p>\n<p>O d\u00f3lar comercial encerrou esta segunda-feira (25) vendido a R$ 5,556, com recuo de R$ 0,072 (-1,27%). A cota\u00e7\u00e3o chegou a operar em alta nos primeiros minutos de negocia\u00e7\u00e3o, mas reverteu a tend\u00eancia e passou a cair antes das 10h. Na m\u00ednima do dia, por volta das 16h, chegou a R$ 5,54.<\/p>\n<p>Essa foi a segunda queda consecutiva da moeda norte-americana, que chegou a R$ 5,66 na quinta-feira (21), ap\u00f3s o ministro da Economia, Paulo Guedes, confirmar que o governo pretende financiar parte do Aux\u00edlio Brasil com recursos que extrapolam o<a href=\"https:\/\/agenciabrasil.ebc.com.br\/economia\/noticia\/2021-10\/auxilio-brasil-guedes-afirma-que-governo-usara-r-30-bi-fora-teto\" target=\"_blank\" rel=\"noopener\">\u00a0teto federal de gastos<\/a>. A divisa caiu na sexta-feira (22), ap\u00f3s\u00a0<a href=\"https:\/\/agenciabrasil.ebc.com.br\/economia\/noticia\/2021-10\/ministro-mudancas-no-teto-nao-abalarao-fundamentos-fiscais-do-pais\" target=\"_blank\" rel=\"noopener\">pronunciamento conjunto<\/a>\u00a0de Guedes e do presidente Jair Bolsonaro.<\/p>\n<p>No mercado de a\u00e7\u00f5es, a bolsa de valores recuperou-se. Ap\u00f3s ter atingido, na sexta-feira, o menor n\u00edvel desde novembro do ano passado, o \u00edndice Ibovespa fechou esta segunda aos 108.715 pontos, com alta de 2,28%. Os destaques foram as a\u00e7\u00f5es da Petrobras. As a\u00e7\u00f5es ordin\u00e1rias (com direito a voto em assembleia de acionistas) subiram 6,13%. As a\u00e7\u00f5es preferenciais (com prefer\u00eancia na distribui\u00e7\u00e3o de dividendos) valorizaram-se 6,84%.<\/p>\n<p>No mercado de c\u00e2mbio, prevaleceu um movimento de realiza\u00e7\u00e3o de lucros, com investidores vendendo d\u00f3lares para embolsarem ganhos recentes. No mercado de a\u00e7\u00f5es, os pap\u00e9is que ficaram baratos nos \u00faltimos dias tornaram-se atrativos, num movimento de ajuste. O ambiente externo tamb\u00e9m ajudou o mercado brasileiro nesta segunda, com o d\u00f3lar caindo perante moedas como o peso colombiano e o peso chileno.<\/p>\n<p><span style=\"font-weight: 400;\">Fonte: Ag\u00eancia Brasil \/ Reuters<\/span><\/p>\n","protected":false},"excerpt":{"rendered":"<p>Num dia de ajustes no mercado ap\u00f3s as turbul\u00eancias da \u00faltima semana, o d\u00f3lar caiu e a bolsa recuperou-se. Al\u00e9m do movimento de al\u00edvio tempor\u00e1rio no cen\u00e1rio nacional, o mercado internacional contribuiu, com as moedas dos principais pa\u00edses emergentes recuperando-se. O d\u00f3lar comercial encerrou esta segunda-feira (25) vendido a R$ 5,556, com recuo de R$ [&hellip;]<\/p>\n","protected":false},"author":246,"featured_media":190131,"comment_status":"closed","ping_status":"closed","sticky":false,"template":"","format":"standard","meta":{"footnotes":""},"categories":[436,440,261],"tags":[],"class_list":["post-190130","post","type-post","status-publish","format-standard","has-post-thumbnail","hentry","category-destaque-da-semana","category-destaques-do-dia","category-economia"],"_links":{"self":[{"href":"https:\/\/diarioregionaldigital.com.br\/index.php?rest_route=\/wp\/v2\/posts\/190130","targetHints":{"allow":["GET"]}}],"collection":[{"href":"https:\/\/diarioregionaldigital.com.br\/index.php?rest_route=\/wp\/v2\/posts"}],"about":[{"href":"https:\/\/diarioregionaldigital.com.br\/index.php?rest_route=\/wp\/v2\/types\/post"}],"author":[{"embeddable":true,"href":"https:\/\/diarioregionaldigital.com.br\/index.php?rest_route=\/wp\/v2\/users\/246"}],"replies":[{"embeddable":true,"href":"https:\/\/diarioregionaldigital.com.br\/index.php?rest_route=%2Fwp%2Fv2%2Fcomments&post=190130"}],"version-history":[{"count":1,"href":"https:\/\/diarioregionaldigital.com.br\/index.php?rest_route=\/wp\/v2\/posts\/190130\/revisions"}],"predecessor-version":[{"id":190132,"href":"https:\/\/diarioregionaldigital.com.br\/index.php?rest_route=\/wp\/v2\/posts\/190130\/revisions\/190132"}],"wp:featuredmedia":[{"embeddable":true,"href":"https:\/\/diarioregionaldigital.com.br\/index.php?rest_route=\/wp\/v2\/media\/190131"}],"wp:attachment":[{"href":"https:\/\/diarioregionaldigital.com.br\/index.php?rest_route=%2Fwp%2Fv2%2Fmedia&parent=190130"}],"wp:term":[{"taxonomy":"category","embeddable":true,"href":"https:\/\/diarioregionaldigital.com.br\/index.php?rest_route=%2Fwp%2Fv2%2Fcategories&post=190130"},{"taxonomy":"post_tag","embeddable":true,"href":"https:\/\/diarioregionaldigital.com.br\/index.php?rest_route=%2Fwp%2Fv2%2Ftags&post=190130"}],"curies":[{"name":"wp","href":"https:\/\/api.w.org\/{rel}","templated":true}]}}