{"id":190126,"date":"2021-10-25T14:39:22","date_gmt":"2021-10-25T17:39:22","guid":{"rendered":"https:\/\/diarioregionaldigital.com.br\/?p=190126"},"modified":"2021-10-25T14:39:22","modified_gmt":"2021-10-25T17:39:22","slug":"policia-militar-prende-autor-por-trafico-de-drogas-e-apreende-materiais-relacionados-ao-crime-no-bairro-vila-ideal","status":"publish","type":"post","link":"https:\/\/diarioregionaldigital.com.br\/?p=190126","title":{"rendered":"Pol\u00edcia Militar prende autor por tr\u00e1fico de drogas e apreende materiais relacionados ao crime, no bairro Vila Ideal."},"content":{"rendered":"<p>Na data de 24out21 por volta das 20h15min, em opera\u00e7\u00e3o policial e ap\u00f3s receber informa\u00e7\u00f5es referentes ao tr\u00e1fico de drogas, a Pol\u00edcia Militar compareceu a Rua Armando Pernisa, no bairro Vila Ideal, local onde segundo den\u00fancias, um apartamento estava sendo utilizado para a guarda e armazenamento de drogas e armas. Localizado o suspeito, um homem de 20 anos, foi abordado saindo do im\u00f3vel. O autor tentou dispensar uma bucha de maconha que estava em sua posse. No apartamento, foram encontrados os seguintes materiais: 06 tabletes prensados e 1.312 buchas de maconha, 06 balan\u00e7as de precis\u00e3o, 01 rev\u00f3lver calibre .38 municiado com seis cartuchos intactos, R$1.424,00 em dinheiro, 01 telefone celular, um caderno de anota\u00e7\u00f5es referente ao com\u00e9rcio de drogas e materiais para embalagem. Autor preso em flagrante delito e encaminhado \u00e0 Delegacia.<\/p>\n","protected":false},"excerpt":{"rendered":"<p>Na data de 24out21 por volta das 20h15min, em opera\u00e7\u00e3o policial e ap\u00f3s receber informa\u00e7\u00f5es referentes ao tr\u00e1fico de drogas, a Pol\u00edcia Militar compareceu a Rua Armando Pernisa, no bairro Vila Ideal, local onde segundo den\u00fancias, um apartamento estava sendo utilizado para a guarda e armazenamento de drogas e armas. Localizado o suspeito, um homem [&hellip;]<\/p>\n","protected":false},"author":246,"featured_media":190127,"comment_status":"closed","ping_status":"closed","sticky":false,"template":"","format":"standard","meta":{"footnotes":""},"categories":[301],"tags":[],"class_list":["post-190126","post","type-post","status-publish","format-standard","has-post-thumbnail","hentry","category-artigos-policiais"],"_links":{"self":[{"href":"https:\/\/diarioregionaldigital.com.br\/index.php?rest_route=\/wp\/v2\/posts\/190126","targetHints":{"allow":["GET"]}}],"collection":[{"href":"https:\/\/diarioregionaldigital.com.br\/index.php?rest_route=\/wp\/v2\/posts"}],"about":[{"href":"https:\/\/diarioregionaldigital.com.br\/index.php?rest_route=\/wp\/v2\/types\/post"}],"author":[{"embeddable":true,"href":"https:\/\/diarioregionaldigital.com.br\/index.php?rest_route=\/wp\/v2\/users\/246"}],"replies":[{"embeddable":true,"href":"https:\/\/diarioregionaldigital.com.br\/index.php?rest_route=%2Fwp%2Fv2%2Fcomments&post=190126"}],"version-history":[{"count":1,"href":"https:\/\/diarioregionaldigital.com.br\/index.php?rest_route=\/wp\/v2\/posts\/190126\/revisions"}],"predecessor-version":[{"id":190128,"href":"https:\/\/diarioregionaldigital.com.br\/index.php?rest_route=\/wp\/v2\/posts\/190126\/revisions\/190128"}],"wp:featuredmedia":[{"embeddable":true,"href":"https:\/\/diarioregionaldigital.com.br\/index.php?rest_route=\/wp\/v2\/media\/190127"}],"wp:attachment":[{"href":"https:\/\/diarioregionaldigital.com.br\/index.php?rest_route=%2Fwp%2Fv2%2Fmedia&parent=190126"}],"wp:term":[{"taxonomy":"category","embeddable":true,"href":"https:\/\/diarioregionaldigital.com.br\/index.php?rest_route=%2Fwp%2Fv2%2Fcategories&post=190126"},{"taxonomy":"post_tag","embeddable":true,"href":"https:\/\/diarioregionaldigital.com.br\/index.php?rest_route=%2Fwp%2Fv2%2Ftags&post=190126"}],"curies":[{"name":"wp","href":"https:\/\/api.w.org\/{rel}","templated":true}]}}