{"id":190115,"date":"2021-10-24T06:00:20","date_gmt":"2021-10-24T09:00:20","guid":{"rendered":"https:\/\/diarioregionaldigital.com.br\/?p=190115"},"modified":"2021-10-22T21:59:17","modified_gmt":"2021-10-23T00:59:17","slug":"um-sonho-impossivel","status":"publish","type":"post","link":"https:\/\/diarioregionaldigital.com.br\/?p=190115","title":{"rendered":"Um Sonho Imposs\u00edvel"},"content":{"rendered":"<p>Tive na vida alguns amigos inesquec\u00edveis. Um deles foi o judeu ga\u00facho Luiz Rosemberg, que no Rio fundou a ag\u00eancia de not\u00edcias Apla. Era fornecedora de servi\u00e7os jornal\u00edsticos para Bloch Editores e se tornou um amigo insepar\u00e1vel dos que tinham fun\u00e7\u00f5es de mando em nossa empresa. Quando ele nos visitava era sempre um momento extremamente agrad\u00e1vel, pois poderia resultar na aquisi\u00e7\u00e3o de mat\u00e9rias de primeira qualidade ou at\u00e9 furos de reportagem. Ele tamb\u00e9m fornecia material para as demais revistas da casa, como at\u00e9 fotonovelas para \u201cS\u00e9timo C\u00e9u\u201d, da qual eu era diretor.<\/p>\n<p>Um dia, fui surpreendido com o convite para visitar em Madrid a Editora Bruguera, uma das mais importantes da Europa. Era para um est\u00e1gio, o que aceitei de imediato. Fiquei uma semana na capital espanhola, com um frio de rachar. Mas valeu a pena pelo aprendizado e os contatos realizados. Conheci todo o comando da empresa e os seus planos editoriais. Era uma \u00e9poca em que vicejavam os bolsilivros, moda que tamb\u00e9m chegou com for\u00e7a ao Brasil. Criada a Editora Bruguera em nosso pa\u00eds, pela a\u00e7\u00e3o do Luiz Rosemberg e do seu s\u00f3cio Luiz Hortal, acompanhamos a sua expans\u00e3o. Cheguei a traduzir para o portugu\u00eas a biografia de Sofia Loren, que fez muito sucesso.<\/p>\n<p>Voltando \u00e0 viagem, devo confessar que l\u00e1 pelas tantas cheguei \u00e0 conclus\u00e3o de que estava sendo testado para, quem sabe, apesar da minha pouca idade, dirigir a empresa Bruguera em nosso pa\u00eds. Tive contato com diretores e editores, conhecendo pormenores da sua vida. Mas havia nisso tudo um tremendo obst\u00e1culo. Eu era diretor em Bloch Editores, ganhava um bom sal\u00e1rio, e na verdade n\u00e3o estava disposto a fazer nenhuma aventura, que pudesse colocar em risco a minha estabilidade como chefe de reportagem da revista Manchete. Viajei para Madrid no per\u00edodo de f\u00e9rias a que tinha direito e n\u00e3o estava disposto a passar desse ponto. Disse tudo isso, na volta, ao Rosemberg. Como meu amigo, ele compreendeu perfeitamente a situa\u00e7\u00e3o.<\/p>\n<p>Tornei-me ent\u00e3o, um bom colaborador da Bruguera no Rio de Janeiro. Assim, o que aprendi na Espanha n\u00e3o foi desperdi\u00e7ado. Tomei amor pelo trabalho editorial, em que me especializei. E jamais esqueci o carinho e o respeito com que fui tratado, sempre, pelo amigo Rosemberg.<\/p>\n","protected":false},"excerpt":{"rendered":"<p>Tive na vida alguns amigos inesquec\u00edveis. Um deles foi o judeu ga\u00facho Luiz Rosemberg, que no Rio fundou a ag\u00eancia de not\u00edcias Apla. Era fornecedora de servi\u00e7os jornal\u00edsticos para Bloch Editores e se tornou um amigo insepar\u00e1vel dos que tinham fun\u00e7\u00f5es de mando em nossa empresa. Quando ele nos visitava era sempre um momento extremamente [&hellip;]<\/p>\n","protected":false},"author":96,"featured_media":0,"comment_status":"closed","ping_status":"closed","sticky":false,"template":"","format":"standard","meta":{"footnotes":""},"categories":[275],"tags":[],"class_list":["post-190115","post","type-post","status-publish","format-standard","hentry","category-arnaldo-niskier"],"_links":{"self":[{"href":"https:\/\/diarioregionaldigital.com.br\/index.php?rest_route=\/wp\/v2\/posts\/190115","targetHints":{"allow":["GET"]}}],"collection":[{"href":"https:\/\/diarioregionaldigital.com.br\/index.php?rest_route=\/wp\/v2\/posts"}],"about":[{"href":"https:\/\/diarioregionaldigital.com.br\/index.php?rest_route=\/wp\/v2\/types\/post"}],"author":[{"embeddable":true,"href":"https:\/\/diarioregionaldigital.com.br\/index.php?rest_route=\/wp\/v2\/users\/96"}],"replies":[{"embeddable":true,"href":"https:\/\/diarioregionaldigital.com.br\/index.php?rest_route=%2Fwp%2Fv2%2Fcomments&post=190115"}],"version-history":[{"count":1,"href":"https:\/\/diarioregionaldigital.com.br\/index.php?rest_route=\/wp\/v2\/posts\/190115\/revisions"}],"predecessor-version":[{"id":190116,"href":"https:\/\/diarioregionaldigital.com.br\/index.php?rest_route=\/wp\/v2\/posts\/190115\/revisions\/190116"}],"wp:attachment":[{"href":"https:\/\/diarioregionaldigital.com.br\/index.php?rest_route=%2Fwp%2Fv2%2Fmedia&parent=190115"}],"wp:term":[{"taxonomy":"category","embeddable":true,"href":"https:\/\/diarioregionaldigital.com.br\/index.php?rest_route=%2Fwp%2Fv2%2Fcategories&post=190115"},{"taxonomy":"post_tag","embeddable":true,"href":"https:\/\/diarioregionaldigital.com.br\/index.php?rest_route=%2Fwp%2Fv2%2Ftags&post=190115"}],"curies":[{"name":"wp","href":"https:\/\/api.w.org\/{rel}","templated":true}]}}