{"id":190112,"date":"2021-10-22T15:51:56","date_gmt":"2021-10-22T18:51:56","guid":{"rendered":"https:\/\/diarioregionaldigital.com.br\/?p=190112"},"modified":"2021-10-22T15:51:56","modified_gmt":"2021-10-22T18:51:56","slug":"policia-militar-atende-vitima-de-roubo-no-bairro-benfica","status":"publish","type":"post","link":"https:\/\/diarioregionaldigital.com.br\/?p=190112","title":{"rendered":"Pol\u00edcia Militar atende v\u00edtima de roubo no bairro Benfica"},"content":{"rendered":"<p>Na madrugada desta sexta-feira, 22out21 por volta das 05h02min, a Pol\u00edcia Militar foi acionada a comparecer na Avenida Presidente Juscelino Kubitschek no bairro Benfica para atendimento a um homem de 26 anos, v\u00edtima de roubo. Segundo relato, transitava pelo local quando foi abordado por dois indiv\u00edduos que de dentro de um ve\u00edculo GM\/Corsa cor branca, utilizando uma arma de fogo, anunciaram o roubo, ordenando a v\u00edtima entregasse todos os seus pertences. Na a\u00e7\u00e3o os autores subtra\u00edram uma mochila que continha documentos pessoais, roupas, um telefone celular, uma m\u00e1quina furadeira e a import\u00e2ncia de R$78,00 em dinheiro. V\u00edtima orientada quanto \u00e0s demais provid\u00eancias. A Pol\u00edcia Militar iniciou rastreamento, que segue.<\/p>\n","protected":false},"excerpt":{"rendered":"<p>Na madrugada desta sexta-feira, 22out21 por volta das 05h02min, a Pol\u00edcia Militar foi acionada a comparecer na Avenida Presidente Juscelino Kubitschek no bairro Benfica para atendimento a um homem de 26 anos, v\u00edtima de roubo. Segundo relato, transitava pelo local quando foi abordado por dois indiv\u00edduos que de dentro de um ve\u00edculo GM\/Corsa cor branca, [&hellip;]<\/p>\n","protected":false},"author":246,"featured_media":190113,"comment_status":"closed","ping_status":"closed","sticky":false,"template":"","format":"standard","meta":{"footnotes":""},"categories":[301],"tags":[],"class_list":["post-190112","post","type-post","status-publish","format-standard","has-post-thumbnail","hentry","category-artigos-policiais"],"_links":{"self":[{"href":"https:\/\/diarioregionaldigital.com.br\/index.php?rest_route=\/wp\/v2\/posts\/190112","targetHints":{"allow":["GET"]}}],"collection":[{"href":"https:\/\/diarioregionaldigital.com.br\/index.php?rest_route=\/wp\/v2\/posts"}],"about":[{"href":"https:\/\/diarioregionaldigital.com.br\/index.php?rest_route=\/wp\/v2\/types\/post"}],"author":[{"embeddable":true,"href":"https:\/\/diarioregionaldigital.com.br\/index.php?rest_route=\/wp\/v2\/users\/246"}],"replies":[{"embeddable":true,"href":"https:\/\/diarioregionaldigital.com.br\/index.php?rest_route=%2Fwp%2Fv2%2Fcomments&post=190112"}],"version-history":[{"count":1,"href":"https:\/\/diarioregionaldigital.com.br\/index.php?rest_route=\/wp\/v2\/posts\/190112\/revisions"}],"predecessor-version":[{"id":190114,"href":"https:\/\/diarioregionaldigital.com.br\/index.php?rest_route=\/wp\/v2\/posts\/190112\/revisions\/190114"}],"wp:featuredmedia":[{"embeddable":true,"href":"https:\/\/diarioregionaldigital.com.br\/index.php?rest_route=\/wp\/v2\/media\/190113"}],"wp:attachment":[{"href":"https:\/\/diarioregionaldigital.com.br\/index.php?rest_route=%2Fwp%2Fv2%2Fmedia&parent=190112"}],"wp:term":[{"taxonomy":"category","embeddable":true,"href":"https:\/\/diarioregionaldigital.com.br\/index.php?rest_route=%2Fwp%2Fv2%2Fcategories&post=190112"},{"taxonomy":"post_tag","embeddable":true,"href":"https:\/\/diarioregionaldigital.com.br\/index.php?rest_route=%2Fwp%2Fv2%2Ftags&post=190112"}],"curies":[{"name":"wp","href":"https:\/\/api.w.org\/{rel}","templated":true}]}}