{"id":190105,"date":"2021-10-22T15:42:51","date_gmt":"2021-10-22T18:42:51","guid":{"rendered":"https:\/\/diarioregionaldigital.com.br\/?p=190105"},"modified":"2021-10-22T15:42:51","modified_gmt":"2021-10-22T18:42:51","slug":"com-plantao-neste-sabado-secretaria-de-obras-realiza-104-acoes-de-melhoria-urbana","status":"publish","type":"post","link":"https:\/\/diarioregionaldigital.com.br\/?p=190105","title":{"rendered":"Com plant\u00e3o neste s\u00e1bado, Secretaria de Obras realiza 104 a\u00e7\u00f5es de melhoria urbana"},"content":{"rendered":"<p>Segundo informa\u00e7\u00f5es do site da Prefeitura de Juiz de Fora, a Secretaria de Obras da PJF, por meio do Gabinete de A\u00e7\u00e3o e Di\u00e1logo Comunit\u00e1rio (GADC), realiza 91 interven\u00e7\u00f5es nesta sexta-feira, dia 22, e 13 a\u00e7\u00f5es neste s\u00e1bado, dia 23.<\/p>\n<p><b>Obras<\/b><\/p>\n<p>Os Departamentos de Opera\u00e7\u00e3o e Manuten\u00e7\u00e3o em Obras (Domo) e de Estradas Vicinais da Secretaria de Obras (SO) t\u00eam previstas 16 a\u00e7\u00f5es.<\/p>\n<p>Interven\u00e7\u00f5es em continuidade:<br \/>\n-Corre\u00e7\u00e3o de eros\u00e3o pluvial &#8211; Rua Humberto Val\u00e9rio &#8211; Progresso<br \/>\n-Corre\u00e7\u00e3o de eros\u00e3o pluvial &#8211; C\u00f3rrego na Rua Ab\u00edlio Gomes &#8211; Francisco Bernardino<br \/>\n-Desentupimento de canaleta na lateral do campo &#8211; Rua Sebasti\u00e3o Roberto Schneider &#8211; Santa Cruz<br \/>\n-Limpeza de todas as bocas de lobo &#8211; Rua Fel\u00edcio Manoel de Oliveira &#8211; Santa Cruz<br \/>\n-Limpeza de todas as bocas de lobo &#8211; Rua Sebasti\u00e3o Roberto Schneider &#8211; Santa Cruz<br \/>\n-Limpeza das bocas de lobo &#8211; Rua Jos\u00e9 Maria dos Reis &#8211; Santa Cruz<br \/>\n-Constru\u00e7\u00e3o de muro de rip-rap &#8211; Rua Nazira Mattar &#8211; Monte Castelo<br \/>\n-Redirecionamento de rede pluvial &#8211; Rua Francisco Faria &#8211; Bairu<br \/>\n-Lan\u00e7amento de material fresado &#8211; Estrada Principal do Vale dos Pe\u00f5es &#8211; Linhares<br \/>\n-Lan\u00e7amento de material granular &#8211; Estrada da Varginha &#8211; Estrada da Varginha<br \/>\n-Lan\u00e7amento de material em pontos cr\u00edticos &#8211; Estrada da Lagoa &#8211; Estrada da Lagoa<br \/>\n-Lan\u00e7amento de material granular &#8211; Estrada de Sarandira &#8211; Serra do Recreio<br \/>\n-Servi\u00e7o de ro\u00e7ada &#8211; Estrada Principal BR-267 \u00e0 Toledos &#8211; Toledos<br \/>\n-Lan\u00e7amento de material &#8211; Morro da Mandioca &#8211; Morro da Mandioca<br \/>\n-Reforma de escad\u00e3o &#8211; Rua do Boto \u00e0 Rua Diva Garcia &#8211; Linhares<\/p>\n<p>Novas interven\u00e7\u00f5es:<br \/>\n-Transporte de aduelas para obra emergencial &#8211; Rua Ab\u00edlio Gomes &#8211; Francisco Bernardino<\/p>\n<p><b>Ilumina\u00e7\u00e3o P\u00fablica<\/b><\/p>\n<p>O departamento de Ilumina\u00e7\u00e3o P\u00fablica da PJF tem prevista a manuten\u00e7\u00e3o de 75 l\u00e2mpadas em todas as regi\u00f5es.<\/p>\n<p>-Bom Pastor<br \/>\nRua Doutor Delorme de Carvalho<br \/>\nRua Doutor Jos\u00e9 Batista de Oliveira<\/p>\n<p>-Centro<br \/>\nAvenida Bar\u00e3o do Rio Branco<\/p>\n<p>-Alto Dos Passos<br \/>\nAvenida Bar\u00e3o do Rio Branco<br \/>\nRua Moraes e Castro<br \/>\nRua Doutor Romualdo<\/p>\n<p>-Santa C\u00e2ndida<br \/>\nRua Jorge Raimundo<\/p>\n<p>-Santos Anjos<br \/>\nRua Santo Arnaldo Janssen<\/p>\n<p>-Santa Paula<br \/>\nRua Agenor de Souza<\/p>\n<p>-Nova Era<br \/>\nRua Sem Denomina\u00e7\u00e3o<\/p>\n<p>-Benfica<br \/>\nRua Diogo \u00c1lvares<\/p>\n<p>-Igrejinha<br \/>\nRua Sem Denomina\u00e7\u00e3o<\/p>\n<p>-Santana<br \/>\nRua Miguel Sim\u00f5es Neto<\/p>\n<p>-S\u00e3o Pedro<br \/>\nRua Domingos Augusto Goliath<br \/>\nRua Franz Schubert<br \/>\nRua Jo\u00e3o Krolman Sobrinho<br \/>\nRua Sebasti\u00e3o Ferreira<br \/>\nRua Dolores Dutra de Moraes<\/p>\n<p>-Vin\u00e3 Del Mar<br \/>\nRua Belmar<\/p>\n<p>-S\u00e3o Lucas<br \/>\nRua Giuseppe Verdi<\/p>\n<p>-Itatiaia<br \/>\nRua Jo\u00e3o Bansemer<br \/>\nRua Sebasti\u00e3o Ferreira<br \/>\nRua Jos\u00e9 Loures Valle<br \/>\nRua Jos\u00e9 Kneipp Filho<br \/>\nAvenida Presidente Costa e Silva<\/p>\n<p>-Borboleta<br \/>\nRua Engenheiro Edmundo Schmidt<br \/>\nRua Sim\u00e3o Gabriel Sffeir<\/p>\n<p>-Tup\u00e3<br \/>\nRua Messias Braga da Cruz<\/p>\n<p>-Humait\u00e1<br \/>\nRua Efig\u00eania Sobreira<br \/>\nRua Ant\u00f4nio Jacinto Oliveira<br \/>\nRua Jaime Henrique Lopes<br \/>\nRua C<\/p>\n<p>-Granjeamento Humait\u00e1<br \/>\nRua Servid\u00e3o<br \/>\nRua Servid\u00e3o 07<\/p>\n<p>-Jardim Cachoeira<br \/>\nEstrada Igrejinha &#8211; Humait\u00e1<\/p>\n<p>-Nossa Senhora de Lourdes<br \/>\nRua Hor\u00e1cio de Mello Brand\u00e3o<br \/>\nRua Jo\u00e3o de Ara\u00fajo Braga<\/p>\n<p>-Santo Ant\u00f4nio<br \/>\nRua Francisco Pereira<br \/>\nRua Pedro Trogo<\/p>\n<p>-JK<br \/>\nRua Costa Carvalho<\/p>\n<p>-Furtado de Menezes<br \/>\nRua Ana Reis<br \/>\nRua General Benjamin Fonseca<\/p>\n<p>-Vila Ideal<br \/>\nRua Alberto Dalpra<br \/>\nRua Alexandre Joaquim de Siqueira<br \/>\nRua Vera Consuelo Nascimento<\/p>\n<p>-Parque Serra Verde<br \/>\nRua Professora Concei\u00e7\u00e3o Pereira<br \/>\nRua Luiz Gonzaga Figueiredo<\/p>\n<p><b>Plant\u00e3o de Obras neste s\u00e1bado, 22<\/b><\/p>\n<p>Com o objetivo de continuar cuidando da Boniteza de Juiz de Fora, as equipes da Secretaria de Obras v\u00e3o realizar neste s\u00e1bado, dia 22, um plant\u00e3o com 13 interven\u00e7\u00f5es para limpeza de bocas de lobo e outras a\u00e7\u00f5es essenciais para evitar alagamentos.<\/p>\n<p>Interven\u00e7\u00f5es em continuidade:<br \/>\n-Redirecionamento de rede pluvial &#8211; Rua Francisco Faria &#8211; Bairu<br \/>\n-Corre\u00e7\u00e3o de eros\u00e3o pluvial &#8211; C\u00f3rrego na Rua Ab\u00edlio Gomes &#8211; Francisco Bernardino<\/p>\n<p>Novas interven\u00e7\u00f5es:<br \/>\n-Limpeza das bocas de lobo &#8211; Avenida Pedro Afonso Pinheiro &#8211; Santa Efig\u00eania<br \/>\n-Limpeza das bocas de lobo &#8211; Rua Geraldo Cardoso de Mello &#8211; Sagrado Cora\u00e7\u00e3o de Jesus<br \/>\n-Limpeza das bocas de lobo &#8211; Avenida Ibitiguaia &#8211; Santa Luzia<br \/>\n-Limpeza das bocas de lobo &#8211; Rua Professor Raimundo Tavares &#8211; Linhares<br \/>\n-Limpeza das bocas de lobo &#8211; Rua Augusto Stoppa &#8211; Progresso<br \/>\n-Limpeza das bocas de lobo &#8211; Rua Luiz Creozol (Esquina com Benjamin Megiol\u00e1rio at\u00e9 Capit\u00e3o Bicalho) &#8211; Nossa Senhora Aparecida<br \/>\n-Limpeza de bocas de lobo &#8211; Rua Vicente Vieira Mota &#8211; S\u00e3o Tarc\u00edsio<br \/>\n-Limpeza de bocas de lobo &#8211; Rua S\u00e3o Pancr\u00e1cio (em frente ao escad\u00e3o) &#8211; S\u00e3o Tarc\u00edsio<br \/>\n-Limpeza das bocas de lobo &#8211; Rua Jovino Ribeiro &#8211; Bairu<br \/>\n-Limpeza das bocas de lobo &#8211; Avenida Nossa Senhora do L\u00edbano &#8211; Graja\u00fa<br \/>\n-Limpeza das bocas de lobo &#8211; Rua Moacir Siqueira &#8211; Jardim do Sol<\/p>\n<p><b>Gabinete de A\u00e7\u00e3o e Di\u00e1logo Comunit\u00e1rio<\/b><\/p>\n<p>As a\u00e7\u00f5es da Secretaria de Obras s\u00e3o realizadas atrav\u00e9s do Gabinete de A\u00e7\u00e3o e Di\u00e1logo Comunit\u00e1rio, que recebe demandas de melhorias urbanas pelo n\u00famero (32) 3690-7241, por liga\u00e7\u00e3o ou WhatsApp.<\/p>\n<p>No\u00a0<a href=\"https:\/\/www.pjf.mg.gov.br\/gabinetecomunitario\/\"><b>site do gabinete<\/b><\/a>, est\u00e3o dispon\u00edveis informa\u00e7\u00f5es atualizadas diariamente sobre os servi\u00e7os realizados pelas secretarias de Obras (SO); de Sustentabilidade em Meio Ambiente e Atividades Urbanas (Sesmaur); de Mobilidade Urbana (SMU); e pela Empresa Municipal de Pavimenta\u00e7\u00e3o e Urbaniza\u00e7\u00e3o (Empav); Departamento Municipal de Limpeza Urbana (Demlurb); e Companhia de Saneamento Municipal (Cesama).<\/p>\n","protected":false},"excerpt":{"rendered":"<p>Segundo informa\u00e7\u00f5es do site da Prefeitura de Juiz de Fora, a Secretaria de Obras da PJF, por meio do Gabinete de A\u00e7\u00e3o e Di\u00e1logo Comunit\u00e1rio (GADC), realiza 91 interven\u00e7\u00f5es nesta sexta-feira, dia 22, e 13 a\u00e7\u00f5es neste s\u00e1bado, dia 23. Obras Os Departamentos de Opera\u00e7\u00e3o e Manuten\u00e7\u00e3o em Obras (Domo) e de Estradas Vicinais da [&hellip;]<\/p>\n","protected":false},"author":246,"featured_media":190106,"comment_status":"closed","ping_status":"closed","sticky":false,"template":"","format":"standard","meta":{"footnotes":""},"categories":[253,436],"tags":[],"class_list":["post-190105","post","type-post","status-publish","format-standard","has-post-thumbnail","hentry","category-cidade","category-destaque-da-semana"],"_links":{"self":[{"href":"https:\/\/diarioregionaldigital.com.br\/index.php?rest_route=\/wp\/v2\/posts\/190105","targetHints":{"allow":["GET"]}}],"collection":[{"href":"https:\/\/diarioregionaldigital.com.br\/index.php?rest_route=\/wp\/v2\/posts"}],"about":[{"href":"https:\/\/diarioregionaldigital.com.br\/index.php?rest_route=\/wp\/v2\/types\/post"}],"author":[{"embeddable":true,"href":"https:\/\/diarioregionaldigital.com.br\/index.php?rest_route=\/wp\/v2\/users\/246"}],"replies":[{"embeddable":true,"href":"https:\/\/diarioregionaldigital.com.br\/index.php?rest_route=%2Fwp%2Fv2%2Fcomments&post=190105"}],"version-history":[{"count":1,"href":"https:\/\/diarioregionaldigital.com.br\/index.php?rest_route=\/wp\/v2\/posts\/190105\/revisions"}],"predecessor-version":[{"id":190107,"href":"https:\/\/diarioregionaldigital.com.br\/index.php?rest_route=\/wp\/v2\/posts\/190105\/revisions\/190107"}],"wp:featuredmedia":[{"embeddable":true,"href":"https:\/\/diarioregionaldigital.com.br\/index.php?rest_route=\/wp\/v2\/media\/190106"}],"wp:attachment":[{"href":"https:\/\/diarioregionaldigital.com.br\/index.php?rest_route=%2Fwp%2Fv2%2Fmedia&parent=190105"}],"wp:term":[{"taxonomy":"category","embeddable":true,"href":"https:\/\/diarioregionaldigital.com.br\/index.php?rest_route=%2Fwp%2Fv2%2Fcategories&post=190105"},{"taxonomy":"post_tag","embeddable":true,"href":"https:\/\/diarioregionaldigital.com.br\/index.php?rest_route=%2Fwp%2Fv2%2Ftags&post=190105"}],"curies":[{"name":"wp","href":"https:\/\/api.w.org\/{rel}","templated":true}]}}