{"id":190102,"date":"2021-10-22T15:39:23","date_gmt":"2021-10-22T18:39:23","guid":{"rendered":"https:\/\/diarioregionaldigital.com.br\/?p=190102"},"modified":"2021-10-22T15:39:23","modified_gmt":"2021-10-22T18:39:23","slug":"votacao-decide-novos-representantes-da-sociedade-civil-para-comsea-nesta-segunda-25","status":"publish","type":"post","link":"https:\/\/diarioregionaldigital.com.br\/?p=190102","title":{"rendered":"Vota\u00e7\u00e3o decide novos representantes da sociedade civil para Comsea nesta segunda, 25"},"content":{"rendered":"<div id=\"box_texto_noticia\">Ser\u00e1 realizada nesta segunda-feira, 25, a vota\u00e7\u00e3o para eleger os novos representantes n\u00e3o governamentais da sociedade civil organizada para composi\u00e7\u00e3o do Conselho Municipal de Seguran\u00e7a Alimentar e Nutricional de Juiz de Fora (Comsea\/JF), bi\u00eanio 2021\/2023. A vota\u00e7\u00e3o ocorrer\u00e1 por meio de c\u00e9dula, das 13h \u00e0s 17h, na Casa dos Conselhos (Rua Halfeld, 450, 7\u00ba andar).<\/p>\n<p>Segundo informa\u00e7\u00f5es do site da Prefeitura de Juiz de Fora, poder\u00e1 votar o representante titular ou suplente de cada entidade apta no processo, munido de documento de identifica\u00e7\u00e3o. As entidades habilitadas poder\u00e3o votar em at\u00e9 oito institui\u00e7\u00f5es. <b>Confira a lista das entidades aptas:<\/b><\/p>\n<p>1 &#8211; Amigos M\u00e3os Abertas<\/p>\n<p>2 &#8211; Associa\u00e7\u00e3o Brasileira de Apoio \u00e0s Entidades Beneficentes &#8211; ABA<\/p>\n<p>3 &#8211; Associa\u00e7\u00e3o de Assist\u00eancia Social, Reciclagem e Artesanato &#8211; Lixarte<\/p>\n<p>4 &#8211; Associa\u00e7\u00e3o dos Artes\u00e3os da Feira de Economia Solid\u00e1ria de Juiz de Fora &#8211; Fecosol<\/p>\n<p>5 &#8211; Associa\u00e7\u00e3o dos Moradores e Propriet\u00e1rios do Loteamento Arco-\u00cdris<\/p>\n<p>6 &#8211; Associa\u00e7\u00e3o Pr\u00f3-Melhoramento Uni\u00e3o de Moradores, Posseiros e Amigos dos Bairros JK, Parque Burnier e Jardim da Lua<\/p>\n<p>7 &#8211; Associa\u00e7\u00e3o Regional De Coopera\u00e7\u00e3o Agr\u00edcola da Zona da Mata de Minas Gerais \u2013 Arca &#8211; ZM<\/p>\n<p>8 &#8211; Associa\u00e7\u00e3o Semente do Amanh\u00e3<\/p>\n<p>9 &#8211; Conselho Regional de Nutricionistas da 9\u00aa regi\u00e3o \u2013 CRN9 MG<\/p>\n<p>10 &#8211; Departamento de Nutri\u00e7\u00e3o da Universidade Federal de Juiz de Fora<\/p>\n<p>11 &#8211; Instituto Educa\u00e7\u00e3o e Cidadania<\/p>\n<p>12 &#8211; Instituto Mineiro de Estudos e Pesquisa de Juventude &#8211; IMEPJ<\/p>\n<p>13 &#8211; Monte De Gente Interessada Em Cultivo Org\u00e2nico &#8211; Mogico<\/p>\n<p>14 &#8211; Mutir\u00e3o da Meninada do Vale Verde<\/p>\n<p>15 &#8211; N\u00facleo de Ensino e Pesquisa em Agroecologia &#8211; Nepa<\/p>\n<p>16 &#8211; SESC \u2013 Programa Mesa Brasil Juiz de Fora<\/p>\n<p>17 &#8211; Uni\u00e3o de Negros e Negras pela Igualdade de Juiz de Fora &#8211; Unegro<\/p>\n<p>Os conselheiros ir\u00e3o ocupar 16 vagas com membros titulares e 16 vagas de membros suplentes.\u00a0<a href=\"https:\/\/www.pjf.mg.gov.br\/conselhos\/comsea\/estrutura\/processo-escolha\/index.php\"><b>Confira o edital completo<\/b><\/a>.<\/div>\n<p>&nbsp;<\/p>\n<div id=\"box_compartilhar\" align=\"right\"><\/div>\n","protected":false},"excerpt":{"rendered":"<p>Ser\u00e1 realizada nesta segunda-feira, 25, a vota\u00e7\u00e3o para eleger os novos representantes n\u00e3o governamentais da sociedade civil organizada para composi\u00e7\u00e3o do Conselho Municipal de Seguran\u00e7a Alimentar e Nutricional de Juiz de Fora (Comsea\/JF), bi\u00eanio 2021\/2023. A vota\u00e7\u00e3o ocorrer\u00e1 por meio de c\u00e9dula, das 13h \u00e0s 17h, na Casa dos Conselhos (Rua Halfeld, 450, 7\u00ba andar). [&hellip;]<\/p>\n","protected":false},"author":246,"featured_media":190103,"comment_status":"closed","ping_status":"closed","sticky":false,"template":"","format":"standard","meta":{"footnotes":""},"categories":[253,436],"tags":[],"class_list":["post-190102","post","type-post","status-publish","format-standard","has-post-thumbnail","hentry","category-cidade","category-destaque-da-semana"],"_links":{"self":[{"href":"https:\/\/diarioregionaldigital.com.br\/index.php?rest_route=\/wp\/v2\/posts\/190102","targetHints":{"allow":["GET"]}}],"collection":[{"href":"https:\/\/diarioregionaldigital.com.br\/index.php?rest_route=\/wp\/v2\/posts"}],"about":[{"href":"https:\/\/diarioregionaldigital.com.br\/index.php?rest_route=\/wp\/v2\/types\/post"}],"author":[{"embeddable":true,"href":"https:\/\/diarioregionaldigital.com.br\/index.php?rest_route=\/wp\/v2\/users\/246"}],"replies":[{"embeddable":true,"href":"https:\/\/diarioregionaldigital.com.br\/index.php?rest_route=%2Fwp%2Fv2%2Fcomments&post=190102"}],"version-history":[{"count":1,"href":"https:\/\/diarioregionaldigital.com.br\/index.php?rest_route=\/wp\/v2\/posts\/190102\/revisions"}],"predecessor-version":[{"id":190104,"href":"https:\/\/diarioregionaldigital.com.br\/index.php?rest_route=\/wp\/v2\/posts\/190102\/revisions\/190104"}],"wp:featuredmedia":[{"embeddable":true,"href":"https:\/\/diarioregionaldigital.com.br\/index.php?rest_route=\/wp\/v2\/media\/190103"}],"wp:attachment":[{"href":"https:\/\/diarioregionaldigital.com.br\/index.php?rest_route=%2Fwp%2Fv2%2Fmedia&parent=190102"}],"wp:term":[{"taxonomy":"category","embeddable":true,"href":"https:\/\/diarioregionaldigital.com.br\/index.php?rest_route=%2Fwp%2Fv2%2Fcategories&post=190102"},{"taxonomy":"post_tag","embeddable":true,"href":"https:\/\/diarioregionaldigital.com.br\/index.php?rest_route=%2Fwp%2Fv2%2Ftags&post=190102"}],"curies":[{"name":"wp","href":"https:\/\/api.w.org\/{rel}","templated":true}]}}