{"id":190099,"date":"2021-10-22T15:35:58","date_gmt":"2021-10-22T18:35:58","guid":{"rendered":"https:\/\/diarioregionaldigital.com.br\/?p=190099"},"modified":"2021-10-22T15:35:58","modified_gmt":"2021-10-22T18:35:58","slug":"prefeita-visita-varal-solidario-da-casa-da-mulher","status":"publish","type":"post","link":"https:\/\/diarioregionaldigital.com.br\/?p=190099","title":{"rendered":"Prefeita visita \u201cVaral Solid\u00e1rio\u201d da Casa da Mulher"},"content":{"rendered":"<p>Na manh\u00e3 desta sexta-feira, 22, a prefeita Margarida Salom\u00e3o visitou a Casa da Mulher, onde est\u00e1 sendo realizado o \u201cVaral Solid\u00e1rio\u201d. A atividade disponibiliza pe\u00e7as de roupas e absorventes doados para as usu\u00e1rias atendidas pela institui\u00e7\u00e3o. O objetivo \u00e9 promover a sa\u00fade mental feminina, aumentando sua autoestima.<\/p>\n<p>Segundo informa\u00e7\u00f5es do site da Prefeitura de Juiz de Fora, para Margarida, a a\u00e7\u00e3o cultiva a solidariedade em prol de uma causa muito importante. \u201cInfelizmente, perdemos a oportunidade de ter recursos federais para a quest\u00e3o dos absorventes. Apesar disso, a Casa da Mulher est\u00e1 brilhando com esta iniciativa t\u00e3o interessante, que tamb\u00e9m promove a sustentabilidade ao permitir a reutiliza\u00e7\u00e3o das roupas doadas\u201d.<\/p>\n<p>A a\u00e7\u00e3o \u00e9 uma iniciativa da Secretaria Especial de Direitos Humanos (SEDH) e da Casa da Mulher, como parte da campanha \u201cPela Vida de todas as Mulheres\u201d. O \u201cVaral Solid\u00e1rio\u201d est\u00e1 sendo realizado at\u00e9 \u00e0s 16h desta sexta-feira, 22, no estacionamento da Casa da Mulher (Avenida Garibaldi Campinhos, 169, bairro Vitorino Braga).<\/p>\n<p><b>Outras informa\u00e7\u00f5es:<\/b><br \/>\n(32) 3690-7292 &#8211; Casa da Mulher<br \/>\n(32) 3690-7331 ou sedh@pjf.mg.gov.br &#8211; Secretaria Especial de Direitos Humanos (SEDH)<\/p>\n","protected":false},"excerpt":{"rendered":"<p>Na manh\u00e3 desta sexta-feira, 22, a prefeita Margarida Salom\u00e3o visitou a Casa da Mulher, onde est\u00e1 sendo realizado o \u201cVaral Solid\u00e1rio\u201d. A atividade disponibiliza pe\u00e7as de roupas e absorventes doados para as usu\u00e1rias atendidas pela institui\u00e7\u00e3o. O objetivo \u00e9 promover a sa\u00fade mental feminina, aumentando sua autoestima. Segundo informa\u00e7\u00f5es do site da Prefeitura de Juiz [&hellip;]<\/p>\n","protected":false},"author":246,"featured_media":190100,"comment_status":"closed","ping_status":"closed","sticky":false,"template":"","format":"standard","meta":{"footnotes":""},"categories":[253,436,440],"tags":[],"class_list":["post-190099","post","type-post","status-publish","format-standard","has-post-thumbnail","hentry","category-cidade","category-destaque-da-semana","category-destaques-do-dia"],"_links":{"self":[{"href":"https:\/\/diarioregionaldigital.com.br\/index.php?rest_route=\/wp\/v2\/posts\/190099","targetHints":{"allow":["GET"]}}],"collection":[{"href":"https:\/\/diarioregionaldigital.com.br\/index.php?rest_route=\/wp\/v2\/posts"}],"about":[{"href":"https:\/\/diarioregionaldigital.com.br\/index.php?rest_route=\/wp\/v2\/types\/post"}],"author":[{"embeddable":true,"href":"https:\/\/diarioregionaldigital.com.br\/index.php?rest_route=\/wp\/v2\/users\/246"}],"replies":[{"embeddable":true,"href":"https:\/\/diarioregionaldigital.com.br\/index.php?rest_route=%2Fwp%2Fv2%2Fcomments&post=190099"}],"version-history":[{"count":1,"href":"https:\/\/diarioregionaldigital.com.br\/index.php?rest_route=\/wp\/v2\/posts\/190099\/revisions"}],"predecessor-version":[{"id":190101,"href":"https:\/\/diarioregionaldigital.com.br\/index.php?rest_route=\/wp\/v2\/posts\/190099\/revisions\/190101"}],"wp:featuredmedia":[{"embeddable":true,"href":"https:\/\/diarioregionaldigital.com.br\/index.php?rest_route=\/wp\/v2\/media\/190100"}],"wp:attachment":[{"href":"https:\/\/diarioregionaldigital.com.br\/index.php?rest_route=%2Fwp%2Fv2%2Fmedia&parent=190099"}],"wp:term":[{"taxonomy":"category","embeddable":true,"href":"https:\/\/diarioregionaldigital.com.br\/index.php?rest_route=%2Fwp%2Fv2%2Fcategories&post=190099"},{"taxonomy":"post_tag","embeddable":true,"href":"https:\/\/diarioregionaldigital.com.br\/index.php?rest_route=%2Fwp%2Fv2%2Ftags&post=190099"}],"curies":[{"name":"wp","href":"https:\/\/api.w.org\/{rel}","templated":true}]}}